{"id":24985,"date":"2026-08-31T06:13:25","date_gmt":"2026-08-31T11:13:25","guid":{"rendered":"https:\/\/cablesdenoticias.prensalibre.com\/?p=24985"},"modified":"2026-08-31T05:14:09","modified_gmt":"2026-08-31T11:14:09","slug":"un-diagnostico-de-alzheimer-no-es-el-final-para-una-persona-el-actor-que-padece-la-enfermedad-e-interpretara-un-dificil-monologo-de-beckett-en-londres-2","status":"publish","type":"post","link":"https:\/\/cablesdenoticias.prensalibre.com\/?p=24985","title":{"rendered":"&#8220;Un diagn\u00f3stico de alzh\u00e9imer no es el final para una persona&#8221;: el actor que padece la enfermedad e interpretar\u00e1 un dif\u00edcil mon\u00f3logo de Beckett en Londres"},"content":{"rendered":"<p>This <a href=\"https:\/\/www.bbc.com\/mundo\/articles\/c7v4dn99v46o?xtor=AL-73-%5Bpartner%5D-%5Bprensalibre.com%5D-%5Bheadline%5D-%5Bmundo%5D-%5Bbizdev%5D-%5Bisapi%5D\" target=\"_blank\">post<\/a> was originally published on <a href=\"https:\/\/information-syndication.api.bbc.com\/articles?api_key=LIhwV24f34gSy1AEcnQZjtXfdD4AJ47g&feed=mundo-internacional&mixins=thumbnail_images,summary,body,body_images,worldwide_verticals,visual_journalism&twitter_format=embedded&youtube_format=embedded&instagram_format=embedded&page_view_tracking=javascript&sort=date_desc&accept_override=rss2\" target=\"_blank\">this site<\/a>.<\/p><div>\n<p><strong>Durante cuatro d&iacute;as seguidos, Peter Marinker acudi&oacute; a ensayos que ni siquiera se estaban celebrando. La demencia le hab&iacute;a hecho confundir las fechas.<\/strong><\/p>\n<p>Sin embargo, ahora se prepara para hacer algo que la mayor&iacute;a de los actores encontrar&iacute;an desalentador incluso con una memoria perfecta: representar en solitario una obra muy querida de Samuel Beckett en un escenario londinense.<\/p>\n<p>Marinker, de 85 a&ntilde;os, es conocido sobre todo por su trabajo de doblaje: desde radionovelas y videojuegos hasta pel&iacute;culas de gran presupuesto como &#8220;Laberinto&#8221; y &#8220;Paddington en Per&uacute;&#8221;.<\/p>\n<p>En la pantalla, interpret&oacute; al asesor del presidente de Estados Unidos en <em>Love Actually<\/em> y a uno de los pasajeros de la aerol&iacute;nea en el drama <em>United 93<\/em>.<\/p>\n<p>En 2023, interpretaba a Gandalf en una versi&oacute;n teatral de &#8220;El Se&ntilde;or de los Anillos&#8221; cuando sinti&oacute; que se &#8220;desconectaba&#8221; y un suplente tuvo que reemplazarlo durante el resto de la temporada.<\/p>\n<p>Posteriormente le realizaron resonancias magn&eacute;ticas y otros chequeos m&eacute;dicos. Hace dos a&ntilde;os, le diagnosticaron la enfermedad de Alzheimer.<\/p>\n<p>&#8220;Simplemente tuve que aceptarlo&#8221;, dice. &#8220;Eso explicaba por qu&eacute; segu&iacute;a perdiendo cosas y empec&eacute; a re&iacute;rme de m&iacute; mismo, de todas las tonter&iacute;as que hago una y otra vez&#8221;, dice. <\/p>\n<p>En ese momento, algunos actores podr&iacute;an haberse alejado de la presi&oacute;n de actuar frente a un p&uacute;blico en vivo.<\/p>\n<p>Pero, de repente, recibi&oacute; una llamada de alguien con quien Marinker hab&iacute;a trabajado estrechamente en el pasado: Dave Wybrow, director del Teatro Cockpit de Londres.<\/p>\n<p>La idea era representar &#8220;La &uacute;ltima cinta de Krapp&#8221;, una intensa obra de teatro unipersonal en la que un escritor anciano escucha grabaciones de su juventud, recordando toda una vida de arrepentimientos y oportunidades perdidas.<\/p>\n<p>&#8220;Es un espect&aacute;culo explosivo y un guion explosivo&#8221;, dice Wybrow, cuya madre tambi&eacute;n sufri&oacute; problemas de memoria al final de su vida.<\/p>\n<p>Los ensayos se han estado llevando a cabo desde finales de junio para darle a Marinker tiempo extra para practicar, y se ha reunido un equipo completo para que la obra se lleve a cabo.<\/p>\n<p>Un regidor permanecer&aacute; junto al escenario durante toda la funci&oacute;n, habr&aacute; pantallas de telepr&oacute;nter repartidas por todo el teatro y Marinker llevar&aacute; un peque&ntilde;o auricular para que se le pueda recordar r&aacute;pidamente su di&aacute;logo si se lo olvida.<\/p>\n<p>Wybrow insiste en que no se trata de &#8220;ocultar&#8221; la enfermedad de Marinker, sino de demostrar que el trabajo colaborativo y creativo sigue siendo posible despu&eacute;s de un diagn&oacute;stico como el del actor.<\/p>\n<p>Desde el primer d&iacute;a, Marinker afirma que no tuvo ninguna preocupaci&oacute;n.<\/p>\n<p>&#8220;Dave me pregunt&oacute; si me gustar&iacute;a hacerlo, y yo simplemente dije: &#8216;&iexcl;S&iacute;! &iexcl;Oh, s&iacute;, s&iacute;, s&iacute;, s&iacute;!'&#8221;, dice.<\/p>\n<p>&#8220;Seguir&eacute; sintiendo nervios (la primera noche), pero s&eacute; c&oacute;mo controlarlos; es solo la adrenalina.&#8221;<\/p>\n<h2>Ecos del pasado<\/h2>\n<p>Esta no es la primera vez que Marinker interpreta esta obra. Ya asumi&oacute; el mismo papel en 1983.<\/p>\n<p>El equipo de producci&oacute;n desenterr&oacute; grabaciones en cinta de aquella actuaci&oacute;n de hace m&aacute;s de 40 a&ntilde;os, y estas se incorporar&aacute;n a la nueva producci&oacute;n a medida que su personaje escuche ecos de su yo m&aacute;s joven.<\/p>\n<p>Una de las cosas m&aacute;s llamativas del alzh&eacute;imer es que la p&eacute;rdida de memoria puede ser selectiva en lugar de uniforme.<\/p>\n<p>En las primeras etapas de la enfermedad, las regiones que rodean el hipocampo, situadas en lo profundo de los l&oacute;bulos temp<\/p>\n<p>Esa zona desempe&ntilde;a un papel fundamental en la formaci&oacute;n y recuperaci&oacute;n de lo que los cient&iacute;ficos denominan recuerdos epis&oacute;dicos: recuerdos de acontecimientos y experiencias espec&iacute;ficas en la vida de una persona.<\/p>\n<p>Por eso, las personas con alzh&eacute;imer pueden tener dificultades para recordar unas vacaciones familiares, una conversaci&oacute;n con un amigo o el nombre de alguien, por ejemplo.<\/p>\n<p>Pero otros recuerdos vinculados a habilidades y rutinas muy practicadas pueden ser m&aacute;s resistentes.<\/p>\n<p>&#8220;A menudo, es m&aacute;s f&aacute;cil acceder a la informaci&oacute;n almacenada en la memoria consolidada a largo plazo que a los recuerdos nuevos que se acaban de formar&#8221;, afirma Tara Spires-Jones, profesora de neurodegeneraci&oacute;n en la Universidad de Edimburgo y autora de<em> Fighting for Our Minds<\/em>.<\/p>\n<p>Eso ayuda a explicar por qu&eacute; algunas personas con alzh&eacute;imer a&uacute;n pueden prepararse una taza de t&eacute;, recordar la letra de una canci&oacute;n o interpretar m&uacute;sica o un guion teatral bien ensayado, incluso despu&eacute;s de que otros recuerdos hayan comenzado a desvanecerse.<\/p>\n<h2>Combatir el estigma<\/h2>\n<p>Todos los beneficios de las cuatro jornadas de representaci&oacute;n teatral se destinar&aacute;n a la Sociedad de alzh&eacute;imer, una organizaci&oacute;n que ayud&oacute; a Peter tras su diagn&oacute;stico.<\/p>\n<p>Una investigaci&oacute;n realizada para la organizaci&oacute;n ben&eacute;fica en 2025 revel&oacute; que el 42% de las personas que viven con demencia se sent&iacute;an avergonzadas por sus s&iacute;ntomas.<\/p>\n<p>Una de cada cinco personas con problemas de memoria afirm&oacute; no haber consultado a un m&eacute;dico para obtener un diagn&oacute;stico porque les preocupaba la reacci&oacute;n de sus amigos y familiares.<\/p>\n<p>El estigma &#8220;sigue estando muy presente&#8221;, afirma Taiyaba Zeria, quien dirige los servicios de apoyo a personas con demencia de la Sociedad de alzh&eacute;imer en Londres.<\/p>\n<p>&#8220;Lo que est&aacute; haciendo Peter pone de manifiesto que un diagn&oacute;stico no es el final, y que una persona que vive con demencia a&uacute;n puede hacer muchas cosas que disfruta y que le apasionan&#8221;.<\/p>\n<figure>\n        <img loading=\"lazy\" decoding=\"async\" alt=\"Un retrato de Taiyaba Zeria, que tiene el pelo largo casta\u00f1o oscuro y lleva una blusa blanca. \" src=\"https:\/\/cablesdenoticias.prensalibre.com\/wp-content\/uploads\/2026\/08\/41f5c060-9d5d-11f1-aed2-8d6da8d75094-1.jpg\" width=\"976\" height=\"549\"><\/p>\n<footer>BBC<\/footer><figcaption>Taiyaba Zeria, de la Sociedad de alzh&eacute;imer, afirma que es necesario cambiar la actitud hacia las capacidades de las personas con demencia a medida que los casos se vuelven m&aacute;s comunes.<\/figcaption><\/figure>\n<p>Por su parte, Marinker describe el proyecto como su &#8220;maravilloso canto del cisne&#8221;.<\/p>\n<p>&#8220;Estoy en la fase inicial (de la enfermedad), as&iacute; que necesito aprovechar al m&aacute;ximo esta fase y prepararme lo mejor posible para la fase intermedia&#8221;, dice con una risa ir&oacute;nica.<\/p>\n<p>&#8220;&iexcl;Puede que sobreviva a esta [actuaci&oacute;n] o puede que me desmaye!&#8221;, concluye. <\/p>\n<p>Este art&iacute;culo fue escrito originalmente en ingl&eacute;s y usamos una herramienta de inteligencia artificial para traducirlo. Un periodista de la BBC revis&oacute; el texto antes de su publicaci&oacute;n. <a href=\"https:\/\/www.bbc.com\/mediacentre\/articles\/2024\/update-generative-ai-and-ai-tools-bbc?xtor=AL-73-%5Bpartner%5D-%5Bprensalibre.com%5D-%5Blink%5D-%5Bmundo%5D-%5Bbizdev%5D-%5Bisapi%5D\">M&aacute;s informaci&oacute;n sobre c&oacute;mo usamos IA<\/a>.<\/p>\n<ul>\n<li><a href=\"https:\/\/bbcwsuniversal.onelink.me\/s6ot\/8sfpme8y\"><em>Descarga la nueva app del BBC World Service<\/em><\/a><em>. Elige BBC News Mundo y recibe alertas de noticias, documentales y an&aacute;lisis, todo en un solo lugar. Importante: la nueva aplicaci&oacute;n no est&aacute; disponible en Reino Unido ni Estados Unidos.<\/em><\/li>\n<li><em>Tambi&eacute;n puedes seguirnos en <\/em><a href=\"https:\/\/www.youtube.com\/user\/BBCMundo?sub_confirmation=1\"><em>YouTube<\/em><\/a><em>, <\/em><a href=\"https:\/\/www.instagram.com\/bbcmundo\"><em>Instagram<\/em><\/a><em>, <\/em><a href=\"https:\/\/www.tiktok.com\/@bbcnewsmundo\"><em>TikTok<\/em><\/a><em>, <\/em><a href=\"https:\/\/www.facebook.com\/BBCnewsMundo\"><em>Facebook<\/em><\/a><em>, <\/em><a href=\"https:\/\/twitter.com\/bbcmundo\"><em>X<\/em><\/a><em> y en nuestro <\/em><a href=\"https:\/\/www.whatsapp.com\/channel\/0029VaUm1Ss3WHTbgIXrjw3D\"><em>canal de WhatsApp<\/em><\/a><em>.<\/em><\/li>\n<li><em>Y no olvides <\/em><a href=\"https:\/\/www.bbc.com\/mundo\/send\/u184973209?xtor=AL-73-%5Bpartner%5D-%5Bprensalibre.com%5D-%5Blink%5D-%5Bmundo%5D-%5Bbizdev%5D-%5Bisapi%5D\"><em>suscribirte aqu&iacute; a nuestro newsletter<\/em><\/a><em> para recibir cada viernes una selecci&oacute;n especial de nuestro mejor contenido.<\/em><\/li>\n<\/ul>\n<ul>\n<li><a href=\"https:\/\/www.bbc.com\/mundo\/articles\/c99718dpepro?xtor=AL-73-%5Bpartner%5D-%5Bprensalibre.com%5D-%5Blink%5D-%5Bmundo%5D-%5Bbizdev%5D-%5Bisapi%5D\">4 avances esperanzadores para la enfermedad de Alzheimer este a&ntilde;o<\/a><\/li>\n<li><a href=\"https:\/\/www.bbc.com\/mundo\/articles\/cwy19lzn4xno?xtor=AL-73-%5Bpartner%5D-%5Bprensalibre.com%5D-%5Blink%5D-%5Bmundo%5D-%5Bbizdev%5D-%5Bisapi%5D\">Por qu&eacute; los gatos -y no los ratones- &#8220;son el modelo perfecto&#8221; para estudiar la demencia en los humanos<\/a><\/li>\n<li><a href=\"https:\/\/www.bbc.com\/mundo\/articles\/c10r3nqlle4o?xtor=AL-73-%5Bpartner%5D-%5Bprensalibre.com%5D-%5Blink%5D-%5Bmundo%5D-%5Bbizdev%5D-%5Bisapi%5D\">&iquest;Por qu&eacute; hay m&aacute;s casos de alzh&eacute;imer entre las mujeres? <\/a><\/li>\n<\/ul>\n<\/div>\n","protected":false},"excerpt":{"rendered":"<p>Peter Marinker se enfrenta en solitario a una de las obras m\u00e1s famosas de Samuel Beckett en un escenario londinense.<\/p>\n","protected":false},"author":2,"featured_media":24987,"comment_status":"open","ping_status":"open","sticky":false,"template":"","format":"standard","meta":{"footnotes":""},"categories":[7],"tags":[24,22],"class_list":["post-24985","post","type-post","status-publish","format-standard","has-post-thumbnail","hentry","category-bbc-news-mundo-internacional","tag-feed-de-agencias","tag-noticias-internacionales"],"_links":{"self":[{"href":"https:\/\/cablesdenoticias.prensalibre.com\/index.php?rest_route=\/wp\/v2\/posts\/24985","targetHints":{"allow":["GET"]}}],"collection":[{"href":"https:\/\/cablesdenoticias.prensalibre.com\/index.php?rest_route=\/wp\/v2\/posts"}],"about":[{"href":"https:\/\/cablesdenoticias.prensalibre.com\/index.php?rest_route=\/wp\/v2\/types\/post"}],"author":[{"embeddable":true,"href":"https:\/\/cablesdenoticias.prensalibre.com\/index.php?rest_route=\/wp\/v2\/users\/2"}],"replies":[{"embeddable":true,"href":"https:\/\/cablesdenoticias.prensalibre.com\/index.php?rest_route=%2Fwp%2Fv2%2Fcomments&post=24985"}],"version-history":[{"count":1,"href":"https:\/\/cablesdenoticias.prensalibre.com\/index.php?rest_route=\/wp\/v2\/posts\/24985\/revisions"}],"predecessor-version":[{"id":24992,"href":"https:\/\/cablesdenoticias.prensalibre.com\/index.php?rest_route=\/wp\/v2\/posts\/24985\/revisions\/24992"}],"wp:featuredmedia":[{"embeddable":true,"href":"https:\/\/cablesdenoticias.prensalibre.com\/index.php?rest_route=\/wp\/v2\/media\/24987"}],"wp:attachment":[{"href":"https:\/\/cablesdenoticias.prensalibre.com\/index.php?rest_route=%2Fwp%2Fv2%2Fmedia&parent=24985"}],"wp:term":[{"taxonomy":"category","embeddable":true,"href":"https:\/\/cablesdenoticias.prensalibre.com\/index.php?rest_route=%2Fwp%2Fv2%2Fcategories&post=24985"},{"taxonomy":"post_tag","embeddable":true,"href":"https:\/\/cablesdenoticias.prensalibre.com\/index.php?rest_route=%2Fwp%2Fv2%2Ftags&post=24985"}],"curies":[{"name":"wp","href":"https:\/\/api.w.org\/{rel}","templated":true}]}}