{"id":25021,"date":"2026-08-31T11:13:15","date_gmt":"2026-08-31T16:13:15","guid":{"rendered":"https:\/\/cablesdenoticias.prensalibre.com\/?p=25021"},"modified":"2026-08-31T10:30:27","modified_gmt":"2026-08-31T16:30:27","slug":"duele-en-el-alma-messi-anuncia-su-retirada-de-la-seleccion-argentina","status":"publish","type":"post","link":"https:\/\/cablesdenoticias.prensalibre.com\/?p=25021","title":{"rendered":"&#8220;Duele en el alma&#8221;: Messi anuncia su retirada de la selecci\u00f3n argentina"},"content":{"rendered":"<p>This <a href=\"https:\/\/www.bbc.com\/mundo\/articles\/cp8dkw2z2wyo?xtor=AL-73-%5Bpartner%5D-%5Bprensalibre.com%5D-%5Bheadline%5D-%5Bmundo%5D-%5Bbizdev%5D-%5Bisapi%5D\" target=\"_blank\">post<\/a> was originally published on <a href=\"https:\/\/information-syndication.api.bbc.com\/articles?api_key=LIhwV24f34gSy1AEcnQZjtXfdD4AJ47g&feed=mundo-deportes&mixins=thumbnail_images,summary,body,body_images,worldwide_verticals,visual_journalism&twitter_format=embedded&youtube_format=embedded&instagram_format=embedded&page_view_tracking=javascript&sort=date_desc&accept_override=rss2\" target=\"_blank\">this site<\/a>.<\/p><div>\n<p><strong>Lionel Messi anunci&oacute; este lunes su retirada de la selecci&oacute;n argentina tras m&aacute;s de dos d&eacute;cadas en las que ha roto los r&eacute;cords de partidos y goles de la historia de la Albiceleste.<\/strong><\/p>\n<p>&#8220;Despu&eacute;s de este tiempo que pas&oacute; desde la final, pens&aacute;ndolo mucho, quiero comunicarles a todos que me retiro de la Selecci&oacute;n&#8221;, escribi&oacute; el futbolista de 39 a&ntilde;os en un mensaje publicado en su cuenta de Instagram.<\/p>\n<p>Messi, que actualmente juega como delantero en el Inter Miami de la liga MLS de EE.UU., explic&oacute; que &#8220;fue una decisi&oacute;n que doli&oacute; y duele en el alma&#8221; pero asegur&oacute; entender que &#8220;es el momento&#8221;. <\/p>\n<p>&#8220;Me vaci&eacute;, ya no tengo m&aacute;s para dar y aparte vienen chicos muy grandes atr&aacute;s que merecen estar&#8221;, agreg&oacute;.<\/p>\n<p>El hasta ahora capit&aacute;n de Argentina revel&oacute; al final de su mensaje que hab&iacute;a escrito esas palabras el 21 de julio, apenas dos d&iacute;as despu&eacute;s de perder la final del Mundial de 2026 ante Espa&ntilde;a, aunque decidi&oacute; no publicarlas entonces.<\/p>\n<p>Indic&oacute; que la muerte de su padre, Jorge Messi, el pasado 8 de agosto en Rosario a los 68 a&ntilde;os tras una larga enfermedad termin&oacute; de reafirmar una decisi&oacute;n que ya hab&iacute;a tomado. <\/p>\n<p>&#8220;Hoy despu&eacute;s de lo de mi pap&aacute;, estoy m&aacute;s convencido que antes&#8221;, escribi&oacute; el considerado por muchos el mejor futbolista de todos los tiempos.<\/p>\n<p>Messi disput&oacute; con Argentina 207 partidos, marc&oacute; 125 goles y conquist&oacute; el Mundial de 2022 y dos Copas Am&eacute;rica.<\/p>\n<p><a href=\"https:\/\/bbcwsuniversal.onelink.me\/s6ot\/8sfpme8y\"><em>Descarga la nueva app del BBC World Service<\/em><\/a><em>. Elige BBC News Mundo y recibe alertas de noticias, documentales y an&aacute;lisis, todo en un solo lugar. Importante: la nueva aplicaci&oacute;n no est&aacute; disponible en Reino Unido ni Estados Unidos.<\/em><\/p>\n<p><em>Tambi&eacute;n puedes seguirnos en <\/em><a href=\"https:\/\/www.youtube.com\/user\/BBCMundo?sub_confirmation=1\"><em>YouTube<\/em><\/a><em>, <\/em><a href=\"https:\/\/www.instagram.com\/bbcmundo\"><em>Instagram<\/em><\/a><em>, <\/em><a href=\"https:\/\/www.tiktok.com\/@bbcnewsmundo\"><em>TikTok<\/em><\/a><em>, <\/em><a href=\"https:\/\/www.facebook.com\/BBCnewsMundo\"><em>Facebook<\/em><\/a><em>, <\/em><a href=\"https:\/\/twitter.com\/bbcmundo\"><em>X<\/em><\/a><em> y en nuestro <\/em><a href=\"https:\/\/www.whatsapp.com\/channel\/0029VaUm1Ss3WHTbgIXrjw3D\"><em>canal de WhatsApp<\/em><\/a><em>.<\/em><\/p>\n<p><em>Y no olvides <\/em><a href=\"https:\/\/www.bbc.com\/mundo\/send\/u184973209?xtor=AL-73-%5Bpartner%5D-%5Bprensalibre.com%5D-%5Blink%5D-%5Bmundo%5D-%5Bbizdev%5D-%5Bisapi%5D\"><em>suscribirte aqu&iacute; a nuestro newsletter<\/em><\/a><em> para recibir cada viernes una selecci&oacute;n especial de nuestro mejor contenido.<\/em><\/p>\n<\/div>\n","protected":false},"excerpt":{"rendered":"<p>El capit\u00e1n de Argentina pone fin a m\u00e1s de dos d\u00e9cadas en la Albiceleste, con la que conquist\u00f3 el Mundial de 2022 y dos Copas Am\u00e9rica.<\/p>\n","protected":false},"author":2,"featured_media":25022,"comment_status":"open","ping_status":"open","sticky":false,"template":"","format":"standard","meta":{"footnotes":""},"categories":[9],"tags":[24,19],"class_list":["post-25021","post","type-post","status-publish","format-standard","has-post-thumbnail","hentry","category-bbc-news-mundo-deportes","tag-feed-de-agencias","tag-noticias-deportivas"],"_links":{"self":[{"href":"https:\/\/cablesdenoticias.prensalibre.com\/index.php?rest_route=\/wp\/v2\/posts\/25021","targetHints":{"allow":["GET"]}}],"collection":[{"href":"https:\/\/cablesdenoticias.prensalibre.com\/index.php?rest_route=\/wp\/v2\/posts"}],"about":[{"href":"https:\/\/cablesdenoticias.prensalibre.com\/index.php?rest_route=\/wp\/v2\/types\/post"}],"author":[{"embeddable":true,"href":"https:\/\/cablesdenoticias.prensalibre.com\/index.php?rest_route=\/wp\/v2\/users\/2"}],"replies":[{"embeddable":true,"href":"https:\/\/cablesdenoticias.prensalibre.com\/index.php?rest_route=%2Fwp%2Fv2%2Fcomments&post=25021"}],"version-history":[{"count":1,"href":"https:\/\/cablesdenoticias.prensalibre.com\/index.php?rest_route=\/wp\/v2\/posts\/25021\/revisions"}],"predecessor-version":[{"id":25023,"href":"https:\/\/cablesdenoticias.prensalibre.com\/index.php?rest_route=\/wp\/v2\/posts\/25021\/revisions\/25023"}],"wp:featuredmedia":[{"embeddable":true,"href":"https:\/\/cablesdenoticias.prensalibre.com\/index.php?rest_route=\/wp\/v2\/media\/25022"}],"wp:attachment":[{"href":"https:\/\/cablesdenoticias.prensalibre.com\/index.php?rest_route=%2Fwp%2Fv2%2Fmedia&parent=25021"}],"wp:term":[{"taxonomy":"category","embeddable":true,"href":"https:\/\/cablesdenoticias.prensalibre.com\/index.php?rest_route=%2Fwp%2Fv2%2Fcategories&post=25021"},{"taxonomy":"post_tag","embeddable":true,"href":"https:\/\/cablesdenoticias.prensalibre.com\/index.php?rest_route=%2Fwp%2Fv2%2Ftags&post=25021"}],"curies":[{"name":"wp","href":"https:\/\/api.w.org\/{rel}","templated":true}]}}