{"id":25068,"date":"2026-09-01T07:56:01","date_gmt":"2026-09-01T12:56:01","guid":{"rendered":"https:\/\/cablesdenoticias.prensalibre.com\/?p=25068"},"modified":"2026-09-01T07:01:55","modified_gmt":"2026-09-01T13:01:55","slug":"america-latina-es-una-region-impredecible-tanto-para-lo-tragico-como-para-lo-maravilloso-todos-los-dias-me-sorprende","status":"publish","type":"post","link":"https:\/\/cablesdenoticias.prensalibre.com\/?p=25068","title":{"rendered":"&#8220;Am\u00e9rica Latina es una regi\u00f3n impredecible, tanto para lo tr\u00e1gico como para lo maravilloso. Todos los d\u00edas me sorprende&#8221;"},"content":{"rendered":"<p>This <a href=\"https:\/\/www.bbc.com\/mundo\/articles\/c1kx7l1xee7o?xtor=AL-73-%5Bpartner%5D-%5Bprensalibre.com%5D-%5Bheadline%5D-%5Bmundo%5D-%5Bbizdev%5D-%5Bisapi%5D\" target=\"_blank\">post<\/a> was originally published on <a href=\"https:\/\/information-syndication.api.bbc.com\/articles?api_key=LIhwV24f34gSy1AEcnQZjtXfdD4AJ47g&feed=mundo-internacional&mixins=thumbnail_images,summary,body,body_images,worldwide_verticals,visual_journalism&twitter_format=embedded&youtube_format=embedded&instagram_format=embedded&page_view_tracking=javascript&sort=date_desc&accept_override=rss2\" target=\"_blank\">this site<\/a>.<\/p><div>\n<p><strong>Alma Guillermoprieto confiesa que Am&eacute;rica Latina la sorprende &#8220;todos los d&iacute;as&#8221;, pese a llevar casi medio siglo escribiendo sobre la regi&oacute;n.<\/strong><\/p>\n<p>Y eso, explica la reconocida periodista mexicana, va m&aacute;s all&aacute; de hechos como el terremoto que la despert&oacute; unos d&iacute;as atr&aacute;s en Colombia, donde vive desde hace a&ntilde;os.<\/p>\n<p>&#8220;Somos una regi&oacute;n absolutamente impredecible, tanto para lo tr&aacute;gico como para lo maravilloso&#8221;, reflexiona Guillermoprieto durante una entrevista con BBC Mundo en la antesala del Hay Festival de Quer&eacute;taro, donde participar&aacute;.<\/p>\n<p>Prueba de esa imprevisibilidad latina, as&iacute; como de la pasi&oacute;n de Guillermoprieto por entender y contar lo que pasa en estas tierras, es su m&aacute;s reciente libro: <em>Esta improbable tierra prometida. Historias de Am&eacute;rica Latina en este siglo<\/em>.<\/p>\n<p>Son cr&oacute;nicas suyas en publicaciones como las revistas estadounidenses <em>The New Yorker<\/em> y <em>The New York Review of Books<\/em>, desde distintos rincones de la regi&oacute;n y sobre temas varios, ya sea la violencia narco, el declive de democracias o la adoraci&oacute;n de los mexicanos por los tamales.<\/p>\n<p>Guillermoprieto admite que esta, su tercera colecci&oacute;n de textos, refleja desesperanza por la situaci&oacute;n de Am&eacute;rica Latina, con historias crueles que ha sentido obligaci&oacute;n de contar pese a que nunca imaginaba dedicarse a ello cuando entr&oacute; al periodismo cubriendo la revoluci&oacute;n sandinista de Nicaragua en 1978.<\/p>\n<p>Pero hoy, a sus 77 a&ntilde;os, tiene una larga lista de distinciones por esa labor y, tanto en el libro como en esta conversaci&oacute;n telef&oacute;nica editada por razones de extensi&oacute;n y claridad, destaca actitudes como el &aacute;nimo o la creatividad espont&aacute;nea de la gente de la regi&oacute;n.<\/p>\n<figure>\n        <img loading=\"lazy\" decoding=\"async\" alt=\"Alma Guillermoprieto saludando\" src=\"https:\/\/cablesdenoticias.prensalibre.com\/wp-content\/uploads\/2026\/09\/9bda9220-a17e-11f1-a291-b542ee92de7c.jpg\" width=\"1024\" height=\"683\"><\/p>\n<footer>Getty Images<\/footer><figcaption>&#8220;Estoy muy consciente de que no voy a volver a reportear as&iacute;&#8221;, se&ntilde;ala Guillermoprieto sobre sus cr&oacute;nicas desde el terreno en Am&eacute;rica Latina. <\/figcaption><\/figure>\n<p><strong>&iquest;Es esta actitud una virtud de los latinoamericanos, o un reflejo na&iacute;f?<\/strong><\/p>\n<p>M&aacute;s all&aacute; de los juicios, de si es virtud o no, es absolutamente inherente a nuestro modo de ser.<\/p>\n<p>No s&eacute; si eso viene de sobrevivir a una conquista padecida a un nivel monstruoso desde el norte hasta el sur del hemisferio. Pero nos define la capacidad de disfrutar de la vida y de inventar cuentos.<\/p>\n<p>El otro d&iacute;a me contaban uno de la gente que estaba escombrando en Venezuela por su temblor. De repente, no s&eacute; qu&eacute; locura les dio que se estaban riendo todos de un chiste idiota que hab&iacute;a hecho uno de los rescatadores. As&iacute; somos.<\/p>\n<p><strong>Quiz&aacute;s tambi&eacute;n se deba a sobrevivir cada d&iacute;a en la regi&oacute;n m&aacute;s violenta del mundo, la m&aacute;s desigual, esa idea de disfrutar el presente porque no sabemos qu&eacute; va a pasar&#8230;<\/strong><\/p>\n<p>S&iacute;, yo rescatar&iacute;a lo de desigual. Lo de violento no es inherente a nosotros.<\/p>\n<p>El narcotr&aacute;fico ha tra&iacute;do una epidemia de violencia justo en el momento en que Am&eacute;rica Latina estaba por consolidar sus instituciones: hab&iacute;a salido de una ola de dictaduras espantosas y entra la guerra contra las drogas, que nos trae esta violencia sin fin.<\/p>\n<p>Es realmente una tragedia de este hemisferio y, cada vez m&aacute;s, del mundo entero.<\/p>\n<p><strong>De hecho, un tema recurrente en el libro es el da&ntilde;o que ha generado en la regi&oacute;n el narcotr&aacute;fico, la guerra a las drogas impulsada por Estados Unidos y un crimen organizado que jaquea cada vez m&aacute;s a los pa&iacute;ses. &iquest;Es un callej&oacute;n sin salida?<\/strong><\/p>\n<p>Yo me lo pregunto todos los d&iacute;as. En este momento no se me ocurre c&oacute;mo parar ya una din&aacute;mica que penetra las instituciones de M&eacute;xico, Brasil, Colombia, Ecuador ahora: se va desplazando como una especie de virus y, una vez que est&aacute; institucionalizado, &iquest;tenemos salida? No lo s&eacute;.<\/p>\n<p><strong>Muchos en la regi&oacute;n ven como soluci&oacute;n a los problemas de criminalidad las pol&iacute;ticas de Bukele en El Salvador y las estrategias de mano dura. &iquest;Qu&eacute; piensas?<\/strong><\/p>\n<p>No s&eacute; qui&eacute;n dijo que si uno repite la misma pol&iacute;tica, actitud o acci&oacute;n una y otra vez, y obtiene siempre el mismo resultado que no es el que se quiere, eso es s&iacute;ntoma de locura.<\/p>\n<p>Curar la violencia con m&aacute;s violencia: en Am&eacute;rica Latina llevamos por lo menos desde 1960, desde Cuba y la mitolog&iacute;a de la guerrilla, el foquismo, la contraguerrilla, los paramilitares y las guerras contra las drogas, y todas esas pol&iacute;ticas no han generado m&aacute;s que m&aacute;s violencia y devastaci&oacute;n.<\/p>\n<figure>\n        <img loading=\"lazy\" decoding=\"async\" alt=\"Fuerzas de seguridad cerca de un cad\u00e1ver cubierto con signos de violencia hallado en una carretera de Sinaloa en enero de 2026\" src=\"https:\/\/cablesdenoticias.prensalibre.com\/wp-content\/uploads\/2026\/09\/565d0870-a171-11f1-aed2-8d6da8d75094.jpg\" width=\"1024\" height=\"683\"><\/p>\n<footer>Anadolu via Getty Images<\/footer><figcaption>&#8220;El narcotr&aacute;fico ha tra&iacute;do una epidemia de violencia justo en el momento en que Am&eacute;rica Latina estaba por consolidar sus instituciones&#8221;, observa Guillermoprieto.<\/figcaption><\/figure>\n<p>Bukele mete un porcentaje de la poblaci&oacute;n joven y masculina a las c&aacute;rceles, y efectivamente reina la paz. Pero eso no puede ser duradero. La injusticia de los encarcelados injustamente no puede ser duradera. La energ&iacute;a y el presupuesto que se lleva mantener a un pa&iacute;s en estado de represi&oacute;n no permite que se consoliden realmente la prosperidad y la viabilidad econ&oacute;mica.<\/p>\n<p><strong>El gobierno de Trump ha llevado a su expresi&oacute;n m&aacute;s literal ese concepto de guerra a las drogas en el continente, con la muerte de m&aacute;s de 200 personas en bombardeos de EE.UU. a barcos que, asegura sin dar pruebas, transportaban drogas en el Caribe y el Pac&iacute;fico. &iquest;C&oacute;mo ser&aacute; recordado este momento?<\/strong><\/p>\n<p>Espero que con su nombre correcto, que es el de ejecuciones extrajudiciales. No son bombardeos, son asesinatos. Son muertes de personas sin saber ni siquiera sus nombres, mucho menos las acusaciones legales, mucho menos el derecho de defenderse.<\/p>\n<p>Poco importa si algunas o todas esas lanchas llevaban efectivamente drogas o no. La justicia es la justicia. Y violar la estructura de la justicia es tambi&eacute;n un crimen.<\/p>\n<p>&iquest;Que tengan alg&uacute;n efecto en el narcotr&aacute;fico o en la demanda de drogas de la poblaci&oacute;n en todo el mundo, incluyendo principalmente a EE.UU.? Por supuesto que no.<\/p>\n<p><strong>En Am&eacute;rica Latina ha surgido una nueva derecha alineada con Trump que defiende estas pol&iacute;ticas y que gana cada vez m&aacute;s poder. &iquest;Ves esto como un fen&oacute;meno duradero?<\/strong><\/p>\n<p>Gana cada vez m&aacute;s votos, m&aacute;s presidencias, m&aacute;s poder. Pero muy independientemente de que los electores siempre votan a la derecha y despu&eacute;s a la izquierda, porque ninguno de los dos dio la soluci&oacute;n necesaria, creo que la gente tiene necesidad de paz.<\/p>\n<p>Creo que los bandazos tan extremos que est&aacute;n dando los electores en todo el mundo, no solo en Am&eacute;rica Latina, y este surgimiento de la derecha, se deben a un agotamiento de todos los modelos econ&oacute;micos con que hemos jugado en los &uacute;ltimos 200 a&ntilde;os.<\/p>\n<p>El capitalismo est&aacute; agotado, no da soluciones capaces de hacer crecer la igualdad y la tranquilidad en el mundo. Los experimentos del socialismo existente, qu&eacute; horror. El fascismo fue otra manifestaci&oacute;n de esta desesperaci&oacute;n por saber c&oacute;mo convivir y tener una prosperidad e igualdad m&iacute;nimas.<\/p>\n<p>Todos esos fracasos llevan a estos bandazos pol&iacute;ticos. Y sin embargo no tenemos una manera de concebir el mundo que nos permita seguir adelante. Eso es lo que creo que est&aacute; haciendo mucha falta.<\/p>\n<p><strong>Luego de la invasi&oacute;n de EE.UU. a Venezuela para llevarse al presidente Maduro, escribiste en <\/strong><em><strong>El Pa&iacute;s<\/strong><\/em><strong> que &#8220;podemos leer portales de noticias y buscar en internet durante horas, y seguir sin entender lo que sucedi&oacute; el 3 de enero&#8221;. &iquest;Mantienes esa incertidumbre?<\/strong><\/p>\n<p>S&iacute;. Han pasado todos estos meses y me sigo preguntando qui&eacute;n es Delcy Rodr&iacute;guez y su hermano Jorge. &iquest;C&oacute;mo fueron esas conversaciones entre ellos y Marco Rubio? Y sigo pregunt&aacute;ndome qu&eacute; va a pasar en un pa&iacute;s donde realmente gobierna un representante de la potencia demencial en este momento, de EE.UU.<\/p>\n<figure>\n        <img loading=\"lazy\" decoding=\"async\" alt=\"Nicol\u00e1s Maduro rodeado de polic\u00edas antinarc\u00f3ticos de EE.UU. al llegar detenido a Nueva York el 5 de enero de 2026\" src=\"https:\/\/cablesdenoticias.prensalibre.com\/wp-content\/uploads\/2026\/09\/55e8a220-a179-11f1-b109-879e35c24276.jpg\" width=\"1024\" height=\"732\"><\/p>\n<footer>Getty Images<\/footer><figcaption>Guillermoprieto considera &#8220;lo m&aacute;s surrealista&#8221; la detenci&oacute;n de Nicol&aacute;s Maduro por parte de EE.UU. mediante una invasi&oacute;n a Venezuela este a&ntilde;o. <\/figcaption><\/figure>\n<p>Yo quisiera haber estado presente y escuchar qu&eacute; pas&oacute; para que Delcy Rodr&iacute;guez dijera: bueno, est&aacute; bien, &iquest;entonces los helic&oacute;pteros van a llegar a qu&eacute; hora?<\/p>\n<p>Y ah&iacute; est&aacute; Maduro en esta versi&oacute;n inveros&iacute;mil de la justicia, que es posible que no se pueda ni siquiera llevar a juicio. Es lo m&aacute;s surrealista que ha ocurrido.<\/p>\n<p>Por eso no puedo dejar de escribir. Porque cada vez que sucede algo as&iacute; digo, a ver, &iquest;c&oacute;mo entiendo esto?<\/p>\n<p><strong>Tambi&eacute;n escribiste que ese 3 de enero acab&oacute; con la seguridad de los presidentes de Am&eacute;rica de gobernar con libertad. &iquest;A qu&eacute; te refer&iacute;as?<\/strong><\/p>\n<p>A lo que sucedi&oacute; tambi&eacute;n en Ir&aacute;n. O sea, mientras est&eacute; en el poder Donald Trump, en cualquier momento, si &eacute;l decide que por alguna raz&oacute;n le cay&oacute; mal o le habl&oacute; feo o no quiso seguir con su pol&iacute;tica, puede mandar los helic&oacute;pteros a la medianoche a acabar con el ayatol&aacute; o con el presidente que se le ocurra.<\/p>\n<p>Eso es una sombra permanente sobre cualquier mandatario de un pa&iacute;s peque&ntilde;o, digamos, en este momento. Es asombroso pensar en eso. &iquest;Qu&eacute; garant&iacute;a tiene un presidente o una presidenta de libertad de ejercicio de su funci&oacute;n?<\/p>\n<p><strong>&iquest;Trump supone algo nuevo en la relaci&oacute;n de Washington con Am&eacute;rica Latina? &iquest;O es apenas una vuelta al pasado, como suger&iacute;as al recordar la Enmienda Platt con la que EE.UU. impuso sus condiciones a Cuba en 1901, incluida la posibilidad de intervenir militarmente en la isla?<\/strong><\/p>\n<p>La diferencia es que esa era la posibilidad siempre pendiente. Ahora es la realidad.<\/p>\n<p>En los tiempos de la guerra por la independencia de Cuba y Puerto Rico en que EE.UU. interviene y acaba qued&aacute;ndose con el protectorado de Cuba, se supone que los presidentes que hubo eran m&aacute;s sensatos. No gobernaban a trav&eacute;s de impulsos, sino de una idea de que Am&eacute;rica Latina era inferior y por lo tanto hab&iacute;a que controlarla.<\/p>\n<p>La presidencia actual act&uacute;a a trav&eacute;s de impulsos, entonces eso lo hace particularmente peligroso, inquietante. Pero todo esto que estamos hablando es lo que menos me interesa de Am&eacute;rica Latina. Es decir, la pol&iacute;tica de EE.UU. y de los gobernantes de Am&eacute;rica Latina. Trato de no hacer caso de esas cosas. <\/p>\n<p>El art&iacute;culo de Venezuela era urgente. Pero trato m&aacute;s bien de enfocarme en las personas que est&aacute;n paraditas, me imagino a las 12 de la noche, en Caracas, viendo el cielo porque escucharon un ruido extra&ntilde;o y es como si estuvieran viendo la pel&iacute;cula de <em>Apocalipsis ahora<\/em>, se acercan los helic&oacute;pteros, chaca, chaca, chaca. &iquest;Qu&eacute; piensan esas personas? &iquest;Y qu&eacute; les va a pasar? Eso es lo que me interesa much&iacute;simo.<\/p>\n<p><strong>A prop&oacute;sito, &iquest;intuyes alg&uacute;n desenlace para la crisis actual de Cuba?<\/strong><\/p>\n<p>Me parece que EE.UU. no tiene ning&uacute;n inter&eacute;s, curiosamente, en entrar con tropa a liberar.<\/p>\n<p>Hay un tratado, que creo que le importa muy poco a Trump, en el cual a partir de la crisis de los misiles EE.UU. se comprometi&oacute; a no invadir Cuba.<\/p>\n<figure>\n        <img loading=\"lazy\" decoding=\"async\" alt=\"Donald Trump con su pu\u00f1o derecho apretado\" src=\"https:\/\/cablesdenoticias.prensalibre.com\/wp-content\/uploads\/2026\/09\/5b60f1e0-a17d-11f1-b109-879e35c24276.jpg\" width=\"1024\" height=\"683\"><\/p>\n<footer>Getty Images<\/footer><figcaption>EE.UU., con Donald Trump en la presidencia, &#8220;act&uacute;a a trav&eacute;s de impulsos, entonces eso lo hace particularmente peligroso&#8221;, se&ntilde;ala Guillermoprieto. <\/figcaption><\/figure>\n<p>Creo que el colapso de Cuba es tan triste, obvio e inevitable, que imagino que ellos piensan: &iquest;para qu&eacute; gastar municiones en eso?<\/p>\n<p><strong>Al mismo tiempo, a lo largo de las historias que recoges en el libro, tambi&eacute;n se percibe c&oacute;mo la izquierda en la regi&oacute;n muchas veces ha defraudado en este siglo las expectativas que hab&iacute;a creado en pa&iacute;ses como Venezuela, Bolivia, Nicaragua o incluso Colombia. &iquest;D&oacute;nde ha estado el mayor error?<\/strong><\/p>\n<p>Es lo que te digo, las ideolog&iacute;as est&aacute;n agotadas. De por s&iacute; las ideolog&iacute;as, las maneras de concebir el mundo que hemos tenido en Am&eacute;rica Latina, no sirven para enfrentar el presente. No sirven para enfrentar crisis a las que la izquierda ni siquiera les pone atenci&oacute;n, como la del medio ambiente. La izquierda no sabe por d&oacute;nde empezar a enfocar eso.<\/p>\n<p>Estamos frente a problemas como el crecimiento de la inteligencia artificial para los cuales ni la derecha, ni la izquierda, ni el centro tienen soluciones, porque no es parte de su imaginaci&oacute;n del mundo.<\/p>\n<p>Entonces, &iquest;si la izquierda ha fracasado? S&iacute;, han fracasado todos los esquemas. Y esa sensaci&oacute;n de orfandad que nos aflige tanto en Am&eacute;rica Latina es consecuencia de eso.<\/p>\n<p>Es una sensaci&oacute;n de orfandad porque no hay una sensaci&oacute;n de que haya soluciones a la vista, ni caminos que tomar.<\/p>\n<p><strong>&iquest;Incluyes en este juicio al gobierno mexicano de Claudia Sheinbaum?<\/strong><\/p>\n<p>M&eacute;xico siempre es un poco aparte. No he escrito sobre M&eacute;xico en bastante tiempo, ni concretamente sobre la presidencia de Claudia Sheinbaum. Incluso no vivo en M&eacute;xico desde hace muchos a&ntilde;os.<\/p>\n<p>Pero me parece que una presidenta de un pa&iacute;s donde el narcotr&aacute;fico se ha institucionalizado en los procesos electorales quiz&aacute;s m&aacute;s que en ning&uacute;n otro, y al mismo tiempo est&aacute; asediado por el gobierno de EE.UU. y un presidente que dice a cada rato, d&eacute;jame invadirte, d&eacute;jame mandar nada m&aacute;s unas poquitas tropas, tiene m&aacute;rgenes de acci&oacute;n muy estrechos.<\/p>\n<p>Me parece que la presidenta Sheinbaum, con juego de cintura como en el f&uacute;tbol, ha estado tratando de esquivar a Trump. Pero, &iquest;qu&eacute; tanto &eacute;xito puede tener en eso? No lo s&eacute;.<\/p>\n<p><strong>Hay un lugar especial en el libro para tu reportaje sobre los 43 estudiantes de Ayotzinapa desaparecidos en 2014 en M&eacute;xico. &iquest;Qu&eacute; signific&oacute; esa historia para ti?<\/strong><\/p>\n<p>En general, esta colecci&oacute;n es para m&iacute; la culminaci&oacute;n de 45 a&ntilde;os de cubrir y reportear en toda Am&eacute;rica Latina. Estoy muy consciente de que no voy a volver a reportear as&iacute;, porque he hecho un oficio para j&oacute;venes y dur&eacute; demasiado.<\/p>\n<p>En ese sentido, Ayotzinapa creo que es un poco el &uacute;ltimo reportaje que voy a hacer a pie. Todos los reportajes en este libro son reportajes a pie, en el terreno, con la gente mirando hacia el helic&oacute;ptero que se acerca.<\/p>\n<figure>\n        <img loading=\"lazy\" decoding=\"async\" alt=\"Alma Guillermoprieto recibe el Premio Princesa de Asturias de Comunicaci\u00f3n y Humanidades de 2018 y es aplaudida de pie por el rey de Espa\u00f1a, Felipe VI.\" src=\"https:\/\/cablesdenoticias.prensalibre.com\/wp-content\/uploads\/2026\/09\/0ce9bc10-a17b-11f1-a291-b542ee92de7c.jpg\" width=\"1024\" height=\"704\"><\/p>\n<footer>AFP via Getty Images<\/footer><figcaption>Guillermoprieto ha recibido varias distinciones, incluido el Premio Princesa de Asturias de Comunicaci&oacute;n y Humanidades en 2018. <\/figcaption><\/figure>\n<p>En la historia de Am&eacute;rica Latina, Ayotzinapa es el emblema de un fen&oacute;meno en el que llevamos m&aacute;s de un mill&oacute;n de muertos, que es exactamente la guerra contra las drogas, los conflictos del narcotr&aacute;fico, y la guerra del narcotr&aacute;fico empoderado ahora en contra de la ciudadan&iacute;a.<\/p>\n<p>Cuarenta y tres muchachos desaparecidos de la manera m&aacute;s brutal un poco a la vista de todo el pueblo de Iguala, polic&iacute;as y militares involucrados: es como todos los horrores que ha padecido Am&eacute;rica Latina en el narcotr&aacute;fico, reconcentrados en un solo punto contra muchachos de 20, 21, 22 a&ntilde;os. El m&aacute;s jovencito ten&iacute;a 17.<\/p>\n<p>Mi texto de Ayotzinapa es en gran medida sobre los padres de 43 muchachos, campesinos, pobres, en una regi&oacute;n aislada de M&eacute;xico, que a nadie le importan y siguen luchando por averiguar qu&eacute; pas&oacute; con sus hijos desaparecidos.<\/p>\n<p>Eso para m&iacute; es lo m&aacute;s conmovedor y motivador: el seguir poni&eacute;ndole atenci&oacute;n a ellos.<\/p>\n<p><strong>En el pr&oacute;logo escribes que te hubiera gustado cubrir m&aacute;s otras historias en Am&eacute;rica Latina, pero sentiste necesidad de registrar &#8220;el triunfo de la violencia como forma pol&iacute;tica de expresi&oacute;n y el declive de la democracia como aspiraci&oacute;n en este siglo XXI&#8221;. &iquest;Hay alg&uacute;n cambio positivo que percibas en la regi&oacute;n?<\/strong><\/p>\n<p>Estad&iacute;sticamente hay una gran cantidad de cambios positivos en el acceso a la salud, a la educaci&oacute;n, la mejor&iacute;a de los sistemas de transporte a lo largo del hemisferio, menos en EE.UU., donde todo eso est&aacute; colapsando.<\/p>\n<p>Ha habido un enorme cambio en las actitudes machistas de los hombres. Te dir&iacute;a que algo esperanzador y positivo ha sido el movimiento de las mujeres, la transformaci&oacute;n de las luchas sociales que en tantos casos est&aacute;n lideradas por las mujeres.<\/p>\n<p>Yo digo que le debemos mucho a las telenovelas en este tema.<\/p>\n<p><strong>&iquest;Por qu&eacute;?<\/strong><\/p>\n<p>Porque las telenovelas han empezado a representar a hombres y mujeres diferentes. Las mujeres tienen mucha m&aacute;s libertad de acci&oacute;n y mucho m&aacute;s poder, se representan de una manera mucho m&aacute;s positiva: las mujeres no lloran; facturan, entre otras cosas.<\/p>\n<p>Y los hombres tambi&eacute;n se presentan de una manera m&aacute;s responsable.<\/p>\n<p>En el pueblo peque&ntilde;o donde pas&eacute; a&ntilde;os de mi vida, los s&aacute;bados hab&iacute;a que manejar con cuidado y los domingos m&aacute;s, porque los borrachos se quedaban dormidos a media calle y uno nunca sab&iacute;a cu&aacute;ndo se iba a encontrar a uno.<\/p>\n<p>Los hombres abandonaban a sus hijos, amenazaban y golpeaban a sus mujeres. Y dec&iacute;an, como me dijo un mariachi: ella lo extra&ntilde;a si yo no lo hago. Esas actitudes no se ven m&aacute;s que excepcionalmente hoy d&iacute;a en Am&eacute;rica Latina.<\/p>\n<p>Escrib&iacute; sobre el gran cantante y compositor Juan Gabriel, que fue el primero que escrib&iacute;a canciones rancheras donde no hablaban de matar a la mujer, ni de emborracharse por odio a la mujer.<\/p>\n<p>Eso es un cambio extraordinario en Am&eacute;rica Latina que da esperanza.<\/p>\n<p><strong>Tus libros muestran que la regi&oacute;n es una fuente inagotable de historias asombrosas. &iquest;Hay alguna historia que hayas buscado y a&uacute;n no pudiste contar?<\/strong><\/p>\n<p>Todas. Una editorial aqu&iacute; en Colombia sac&oacute; un librito muy bonito recientemente que se llama <em>Fiestas <\/em>y recorre todas las fiestas, principalmente las de la belleza. Esa es una historia que siempre me ha quedado pendiente, por ejemplo. Como Ayotzinapa, que es una historia inconclusa.<\/p>\n<figure>\n        <img loading=\"lazy\" decoding=\"async\" alt=\"Tapa del libro &quot;Esta improbable tierra prometida. Historias de Am\u00e9rica Latina en este siglo&quot;, de Alma Guillermoprieto. \" src=\"https:\/\/cablesdenoticias.prensalibre.com\/wp-content\/uploads\/2026\/09\/956a6b50-a16e-11f1-aed2-8d6da8d75094.jpg\" width=\"450\" height=\"691\"><\/p>\n<footer>Editorial Debate<\/footer><figcaption>Este es el tercer libro que re&uacute;ne cr&oacute;nicas de Guillermoprieto, luego de <em>Al pie de un volc&aacute;n te escribo<\/em> (1995) y <em>Buscando la historia <\/em>(2001)<\/figcaption><\/figure>\n<p>O como uno de los &uacute;ltimos cuentos en esta colecci&oacute;n, sobre unos muchachos encarcelados que profesan la fe a la Santa Muerte, un fen&oacute;meno religioso de Am&eacute;rica Latina. Esa historia encarna para m&iacute; un poco ese t&iacute;tulo de <em>Esta improbable tierra prometida<\/em>, esa fe y desesperanza simult&aacute;neas que llevan a inventarse una deidad que se llama la Santa Muerte.<\/p>\n<p>Quisiera yo tener la oportunidad quiz&aacute;s de ahondar m&aacute;s en ese misterio, el misterio de la fe en Am&eacute;rica Latina. Siempre le quedan a uno tareas pendientes.<\/p>\n<p><strong>&iquest;C&oacute;mo ves el periodismo latinoamericano hoy?<\/strong><\/p>\n<p>Much&iacute;simo mejor que el periodismo que yo me encontr&eacute; cuando comenc&eacute; como reportera, sin duda.<\/p>\n<p>Hay grandes reporteros y sobre todo grandes reporteras. Los medios independientes han permitido ese florecimiento. No soy muy enamorada de los medios sociales, internet, blogs y podcasts. Pero es indiscutible que ah&iacute; ha habido un florecimiento maravilloso de la reporter&iacute;a.<\/p>\n<p>&iquest;Qu&eacute; falta? Dinero, porque los reporteros est&aacute;n a una gran altura y los textos que producen son de una calidad literaria alt&iacute;sima.<\/p>\n<p>En M&eacute;xico, por ejemplo, pienso en Marcela Turati. En Centroam&eacute;rica, en los hermanos Oscar y Carlos Mart&iacute;nez. En Brasil hay un sinn&uacute;mero de grandes reporteras, como Eliane Brum. Tambi&eacute;n hay empresarios. En Colombia est&aacute; Juanita Le&oacute;n con La Silla Vac&iacute;a, que ha sido un fen&oacute;meno de crear periodismo en l&iacute;nea.<\/p>\n<p>Eso tambi&eacute;n es esperanzador para m&iacute;, a pesar de que el periodismo corre peligro de extinci&oacute;n. Pero yo creo que nosotros siempre vamos a hacer falta, porque sin reporter&iacute;a puntual, exacta, cotidiana del mundo, no hay c&oacute;mo gobernar el mundo, ni tomar decisiones, ni enterarse de d&oacute;nde uno est&aacute; parado. Entonces yo s&iacute; pienso que siempre vamos a estar.<\/p>\n<p><strong>De hecho, dedicas tu libro entre otros a los reporteros del futuro, &#8220;porque a pesar de las dificultades y los peligros sin fin, este es un oficio irresistible, y porque todos saben que, aunque no nos quieran, hacemos falta&#8221;. &iquest;Qu&eacute; le dices a una o un joven que piense en dedicar su vida al periodismo?<\/strong><\/p>\n<p>Les dir&iacute;a que es un oficio muy dif&iacute;cil, que econ&oacute;micamente siempre van a pasar tribulaciones y frustraciones, porque no es un oficio para hacerse rico.<\/p>\n<p>Pero es el oficio m&aacute;s maravilloso del mundo, porque es como regalarse uno, a uno mismo, el mundo entero. Y porque hacemos falta.<\/p>\n<p>Les dir&iacute;a: &iexcl;Dale pues, adelante!<\/p>\n<ul>\n<li><a href=\"https:\/\/bbcwsuniversal.onelink.me\/s6ot\/8sfpme8y\"><em>Descarga la nueva app del BBC World Service<\/em><\/a><em>. Elige BBC News Mundo y recibe alertas de noticias, documentales y an&aacute;lisis, todo en un solo lugar. Importante: la nueva aplicaci&oacute;n no est&aacute; disponible en Reino Unido ni Estados Unidos.<\/em><\/li>\n<li><em>Tambi&eacute;n puedes seguirnos en <\/em><a href=\"https:\/\/www.youtube.com\/user\/BBCMundo?sub_confirmation=1\"><em>YouTube<\/em><\/a><em>, <\/em><a href=\"https:\/\/www.instagram.com\/bbcmundo\"><em>Instagram<\/em><\/a><em>, <\/em><a href=\"https:\/\/www.tiktok.com\/@bbcnewsmundo\"><em>TikTok<\/em><\/a><em>, <\/em><a href=\"https:\/\/www.facebook.com\/BBCnewsMundo\"><em>Facebook<\/em><\/a><em>, <\/em><a href=\"https:\/\/twitter.com\/bbcmundo\"><em>X<\/em><\/a><em> y en nuestro <\/em><a href=\"https:\/\/www.whatsapp.com\/channel\/0029VaUm1Ss3WHTbgIXrjw3D\"><em>canal de WhatsApp<\/em><\/a><em>.<\/em><\/li>\n<li><em>Y no olvides <\/em><a href=\"https:\/\/www.bbc.com\/mundo\/send\/u184973209?xtor=AL-73-%5Bpartner%5D-%5Bprensalibre.com%5D-%5Blink%5D-%5Bmundo%5D-%5Bbizdev%5D-%5Bisapi%5D\"><em>suscribirte aqu&iacute; a nuestro newsletter<\/em><\/a><em> para recibir cada viernes una selecci&oacute;n especial de nuestro mejor contenido.<\/em><\/li>\n<\/ul>\n<\/div>\n","protected":false},"excerpt":{"rendered":"<p>La distinguida cronista mexicana Alma Guillermoprieto reflexiona en una entrevista sobre la regi\u00f3n que ha cubierto durante d\u00e9cadas y la violencia que sufre hoy por el narcotr\u00e1fico y la &#8220;guerra a las drogas&#8221;.<\/p>\n","protected":false},"author":2,"featured_media":25069,"comment_status":"open","ping_status":"open","sticky":false,"template":"","format":"standard","meta":{"footnotes":""},"categories":[7],"tags":[24,22],"class_list":["post-25068","post","type-post","status-publish","format-standard","has-post-thumbnail","hentry","category-bbc-news-mundo-internacional","tag-feed-de-agencias","tag-noticias-internacionales"],"_links":{"self":[{"href":"https:\/\/cablesdenoticias.prensalibre.com\/index.php?rest_route=\/wp\/v2\/posts\/25068","targetHints":{"allow":["GET"]}}],"collection":[{"href":"https:\/\/cablesdenoticias.prensalibre.com\/index.php?rest_route=\/wp\/v2\/posts"}],"about":[{"href":"https:\/\/cablesdenoticias.prensalibre.com\/index.php?rest_route=\/wp\/v2\/types\/post"}],"author":[{"embeddable":true,"href":"https:\/\/cablesdenoticias.prensalibre.com\/index.php?rest_route=\/wp\/v2\/users\/2"}],"replies":[{"embeddable":true,"href":"https:\/\/cablesdenoticias.prensalibre.com\/index.php?rest_route=%2Fwp%2Fv2%2Fcomments&post=25068"}],"version-history":[{"count":1,"href":"https:\/\/cablesdenoticias.prensalibre.com\/index.php?rest_route=\/wp\/v2\/posts\/25068\/revisions"}],"predecessor-version":[{"id":25076,"href":"https:\/\/cablesdenoticias.prensalibre.com\/index.php?rest_route=\/wp\/v2\/posts\/25068\/revisions\/25076"}],"wp:featuredmedia":[{"embeddable":true,"href":"https:\/\/cablesdenoticias.prensalibre.com\/index.php?rest_route=\/wp\/v2\/media\/25069"}],"wp:attachment":[{"href":"https:\/\/cablesdenoticias.prensalibre.com\/index.php?rest_route=%2Fwp%2Fv2%2Fmedia&parent=25068"}],"wp:term":[{"taxonomy":"category","embeddable":true,"href":"https:\/\/cablesdenoticias.prensalibre.com\/index.php?rest_route=%2Fwp%2Fv2%2Fcategories&post=25068"},{"taxonomy":"post_tag","embeddable":true,"href":"https:\/\/cablesdenoticias.prensalibre.com\/index.php?rest_route=%2Fwp%2Fv2%2Ftags&post=25068"}],"curies":[{"name":"wp","href":"https:\/\/api.w.org\/{rel}","templated":true}]}}