{"id":25203,"date":"2026-09-02T21:40:21","date_gmt":"2026-09-03T02:40:21","guid":{"rendered":"https:\/\/cablesdenoticias.prensalibre.com\/?p=25203"},"modified":"2026-09-02T21:04:58","modified_gmt":"2026-09-03T03:04:58","slug":"protestas-en-espana-por-la-respuesta-del-gobierno-de-pedro-sanchez-a-la-crisis-migratoria-en-ceuta","status":"publish","type":"post","link":"https:\/\/cablesdenoticias.prensalibre.com\/?p=25203","title":{"rendered":"Protestas en Espa\u00f1a por la respuesta del gobierno de Pedro S\u00e1nchez a la crisis migratoria en Ceuta"},"content":{"rendered":"<p>This <a href=\"https:\/\/www.bbc.com\/mundo\/articles\/cddvyvqpvd1o?xtor=AL-73-%5Bpartner%5D-%5Bprensalibre.com%5D-%5Bheadline%5D-%5Bmundo%5D-%5Bbizdev%5D-%5Bisapi%5D\" target=\"_blank\">post<\/a> was originally published on <a href=\"https:\/\/information-syndication.api.bbc.com\/articles?api_key=LIhwV24f34gSy1AEcnQZjtXfdD4AJ47g&feed=mundo-internacional&mixins=thumbnail_images,summary,body,body_images,worldwide_verticals,visual_journalism&twitter_format=embedded&youtube_format=embedded&instagram_format=embedded&page_view_tracking=javascript&sort=date_desc&accept_override=rss2\" target=\"_blank\">this site<\/a>.<\/p><div>\n<p><strong>Miles de manifestantes se reunieron este mi&eacute;rcoles en distintas ciudades de Espa&ntilde;a para protestar por la gesti&oacute;n del gobierno de Pedro S&aacute;nchez ante la crisis migratoria en Ceuta, el enclave espa&ntilde;ol en el norte de &Aacute;frica.<\/strong><\/p>\n<p>Los partidos de la oposici&oacute;n acusan al gobierno de abandonar a los habitantes de Ceuta, mientras que el gobierno asegura que los partidos de derecha est&aacute;n haciendo un uso pol&iacute;tico de la crisis migratoria.<\/p>\n<p>Un informe policial se&ntilde;al&oacute; que las fuerzas de seguridad marroqu&iacute;es mostraron una &#8220;permisividad total&#8221; durante la afluencia sin precedentes de migrantes, apenas unos d&iacute;as despu&eacute;s de que S&aacute;nchez insistiera en que Marruecos no era responsable.<\/p>\n<p>El presidente del gobierno de Espa&ntilde;a ha atribuido los cruces fronterizos a las redes de tr&aacute;fico de personas y a la desinformaci&oacute;n difundida en internet, que habr&iacute;an alentado a miles de personas a cruzar la frontera. <\/p>\n<p>Marruecos, por su parte, ha negado haber organizado o participado en los cruces masivos. <\/p>\n<p>Al menos 72.000 migrantes cruzaron desde Marruecos hacia Ceuta los d&iacute;as 30 y 31 de julio. Aunque la mayor&iacute;a ha regresado, unas 5.000 personas permanecen en campamentos improvisados o dispersos por las calles y playas de la ciudad.<\/p>\n<p>La delicada situaci&oacute;n en Ceuta ha provocado tensiones en la ciudad aut&oacute;noma del norte de &Aacute;frica y ha derivado en una crisis pol&iacute;tica para S&aacute;nchez.<\/p>\n<p>Los residentes locales se manifiestan casi a diario, exigi&eacute;ndole al gobierno que los migrantes sean devueltos a sus pa&iacute;ses de origen o que sean redistribuidos por toda Espa&ntilde;a.<\/p>\n<p>Las protestas de este mi&eacute;rcoles fueron impulsadas por ayuntamientos de toda Espa&ntilde;a donde gobiernan o tienen una fuerte presencia los principales partidos de la oposici&oacute;n: el conservador Partido Popular (PP) y Vox.<\/p>\n<p>Los manifestantes exigen la dimisi&oacute;n de S&aacute;nchez.<\/p>\n<p>El l&iacute;der del PP, Alberto N&uacute;&ntilde;ez Feij&oacute;o, estuvo presente en el mitin de Madrid, donde se congregaron m&aacute;s de 50.000 personas, seg&uacute;n cifras del gobierno.<\/p>\n<p>&#8220;Una ciudad de Espa&ntilde;a ha sido invadida, ocupada y, lamentablemente, esto ha ocurrido con el conocimiento del gobierno de Espa&ntilde;a&#8221;, dijo. <\/p>\n<p>Por su parte, el l&iacute;der de Vox, Santiago Abascal, asegur&oacute; que S&aacute;nchez act&uacute;a &#8220;al servicio del r&eacute;gimen marroqu&iacute;, como un lacayo&#8221;.<\/p>\n<h2>&#8220;Ceuta no est&aacute; en venta&#8221;<\/h2>\n<p>Tambi&eacute;n hubo una gran manifestaci&oacute;n en Ceuta, donde los participantes cantaban: &#8220;Ceuta no est&aacute; en venta, hay que defender Ceuta&#8221;.<\/p>\n<p>&#8220;La respuesta ha sido inadecuada, tard&iacute;a y, para colmo, ha supuesto un incumplimiento total del deber por parte del gobierno&#8221;, dijo a Reuters David Hernandez, un profesor de 45 a&ntilde;os.<\/p>\n<p>&#8220;No podemos ser ciudadanos de segunda clase, y nuestra frontera no debe ser ignorada&#8221;, agreg&oacute;.<\/p>\n<p>La presi&oacute;n sobre el gobierno de S&aacute;nchez ha aumentado despu&eacute;s de que medios espa&ntilde;oles difundieran un informe presentado por el Centro Nacional de Inmigraci&oacute;n y Fronteras de la Polic&iacute;a Nacional que apunta a la implicaci&oacute;n de gendarmes marroqu&iacute;es en los cruces de migrantes.<\/p>\n<p>El informe policial sostiene que el despliegue policial marroqu&iacute; en torno a la frontera &#8220;era claramente menor de lo habitual&#8221; y menciona a migrantes que hablaban de una &#8220;actitud pasiva&#8221; durante los cruces.<\/p>\n<figure>\n        <img loading=\"lazy\" decoding=\"async\" alt=\"Tiendas de campa\u00f1a a lo largo de la playa Trampol\u00edn en Ceuta en un d\u00eda nublado.\" src=\"https:\/\/cablesdenoticias.prensalibre.com\/wp-content\/uploads\/2026\/09\/a3dfc8e0-a715-11f1-8596-77a4bf645971-scaled.jpg\" width=\"4088\" height=\"2299\"><\/p>\n<footer>Reuters<\/footer><figcaption>Unas 5.000 personas permanecen en campamentos improvisados en Ceuta.<\/figcaption><\/figure>\n<p>Sin embargo, no acus&oacute; categ&oacute;ricamente a Marruecos de estar detr&aacute;s de la afluencia.<\/p>\n<p>Por su parte, Marruecos mantiene una antigua reivindicaci&oacute;n sobre Ceuta y la ciudad aut&oacute;noma vecina de Melilla, que han sido durante mucho tiempo un punto de fricci&oacute;n en las relaciones diplom&aacute;ticas entre los dos pa&iacute;ses.<\/p>\n<p>En agosto aparecieron numerosas publicaciones en redes sociales que presentaban la valla fronteriza entre Marruecos y Ceuta como segura y de f&aacute;cil acceso, a pesar de que, seg&uacute;n cifras del alcalde, al menos 100 personas murieron al intentar nadar alrededor de la valla.<\/p>\n<p>El sitio de verificaci&oacute;n de datos <em>Maldita<\/em> indic&oacute; que antes del 30 de julio, cuando comenz&oacute; la llegada masiva de migrantes, circularon en redes sociales marroqu&iacute;es mensajes que alentaban a las personas a intentar cruzar la frontera tras una sentencia emitida en junio por el Tribunal Supremo de Espa&ntilde;a.<\/p>\n<p>Este art&iacute;culo fue escrito originalmente en ingl&eacute;s y usamos una herramienta de inteligencia artificial para traducirlo. Un periodista de la BBC revis&oacute; el texto antes de su publicaci&oacute;n. <a href=\"https:\/\/www.bbc.com\/mediacentre\/articles\/2024\/update-generative-ai-and-ai-tools-bbc?xtor=AL-73-%5Bpartner%5D-%5Bprensalibre.com%5D-%5Blink%5D-%5Bmundo%5D-%5Bbizdev%5D-%5Bisapi%5D\">M&aacute;s informaci&oacute;n sobre c&oacute;mo usamos IA<\/a>.<\/p>\n<\/div>\n","protected":false},"excerpt":{"rendered":"<p>Los partidos opositores al gobierno de Espa\u00f1a acusan a Pedro S\u00e1nchez de abandonar a los habitantes de Ceuta.<\/p>\n","protected":false},"author":2,"featured_media":25204,"comment_status":"open","ping_status":"open","sticky":false,"template":"","format":"standard","meta":{"footnotes":""},"categories":[7],"tags":[24,22],"class_list":["post-25203","post","type-post","status-publish","format-standard","has-post-thumbnail","hentry","category-bbc-news-mundo-internacional","tag-feed-de-agencias","tag-noticias-internacionales"],"_links":{"self":[{"href":"https:\/\/cablesdenoticias.prensalibre.com\/index.php?rest_route=\/wp\/v2\/posts\/25203","targetHints":{"allow":["GET"]}}],"collection":[{"href":"https:\/\/cablesdenoticias.prensalibre.com\/index.php?rest_route=\/wp\/v2\/posts"}],"about":[{"href":"https:\/\/cablesdenoticias.prensalibre.com\/index.php?rest_route=\/wp\/v2\/types\/post"}],"author":[{"embeddable":true,"href":"https:\/\/cablesdenoticias.prensalibre.com\/index.php?rest_route=\/wp\/v2\/users\/2"}],"replies":[{"embeddable":true,"href":"https:\/\/cablesdenoticias.prensalibre.com\/index.php?rest_route=%2Fwp%2Fv2%2Fcomments&post=25203"}],"version-history":[{"count":1,"href":"https:\/\/cablesdenoticias.prensalibre.com\/index.php?rest_route=\/wp\/v2\/posts\/25203\/revisions"}],"predecessor-version":[{"id":25207,"href":"https:\/\/cablesdenoticias.prensalibre.com\/index.php?rest_route=\/wp\/v2\/posts\/25203\/revisions\/25207"}],"wp:featuredmedia":[{"embeddable":true,"href":"https:\/\/cablesdenoticias.prensalibre.com\/index.php?rest_route=\/wp\/v2\/media\/25204"}],"wp:attachment":[{"href":"https:\/\/cablesdenoticias.prensalibre.com\/index.php?rest_route=%2Fwp%2Fv2%2Fmedia&parent=25203"}],"wp:term":[{"taxonomy":"category","embeddable":true,"href":"https:\/\/cablesdenoticias.prensalibre.com\/index.php?rest_route=%2Fwp%2Fv2%2Fcategories&post=25203"},{"taxonomy":"post_tag","embeddable":true,"href":"https:\/\/cablesdenoticias.prensalibre.com\/index.php?rest_route=%2Fwp%2Fv2%2Ftags&post=25203"}],"curies":[{"name":"wp","href":"https:\/\/api.w.org\/{rel}","templated":true}]}}