{"id":25225,"date":"2026-09-03T06:52:53","date_gmt":"2026-09-03T11:52:53","guid":{"rendered":"https:\/\/cablesdenoticias.prensalibre.com\/?p=25225"},"modified":"2026-09-03T06:12:08","modified_gmt":"2026-09-03T12:12:08","slug":"muere-a-los-92-anos-gloria-steinem-el-icono-feminista-de-ee-uu-que-se-infiltro-en-un-club-de-playboy-para-denunciar-las-duras-condiciones-de-sus-empleadas","status":"publish","type":"post","link":"https:\/\/cablesdenoticias.prensalibre.com\/?p=25225","title":{"rendered":"Muere a los 92 a\u00f1os Gloria Steinem, el \u00edcono feminista de EE.UU. que se infiltr\u00f3 en un club de Playboy para denunciar las duras condiciones de sus empleadas"},"content":{"rendered":"<p>This <a href=\"https:\/\/www.bbc.com\/mundo\/articles\/cgk5g72nml0o?xtor=AL-73-%5Bpartner%5D-%5Bprensalibre.com%5D-%5Bheadline%5D-%5Bmundo%5D-%5Bbizdev%5D-%5Bisapi%5D\" target=\"_blank\">post<\/a> was originally published on <a href=\"https:\/\/information-syndication.api.bbc.com\/articles?api_key=LIhwV24f34gSy1AEcnQZjtXfdD4AJ47g&feed=mundo-internacional&mixins=thumbnail_images,summary,body,body_images,worldwide_verticals,visual_journalism&twitter_format=embedded&youtube_format=embedded&instagram_format=embedded&page_view_tracking=javascript&sort=date_desc&accept_override=rss2\" target=\"_blank\">this site<\/a>.<\/p><div>\n<p><strong>Gloria Steinem, quien falleci&oacute; este 2 de septiembre a los 92 a&ntilde;os de edad, fue un poderoso &iacute;cono del movimiento feminista estadounidense, y su carrera abarc&oacute; una mir&iacute;ada de roles que cambiaron la vida de generaciones de mujeres.<\/strong><\/p>\n<p>Con sus ic&oacute;nicas gafas de sol de aviador y su larga melena rubia con mechas &mdash;que ella consideraba un acto de rebeld&iacute;a en la d&eacute;cada de 1970&mdash;, Steinem fue una activista reconocida internacionalmente en la lucha por la igualdad de las mujeres.<\/p>\n<p>Se pronunci&oacute; a favor de la legalizaci&oacute;n del aborto, el matrimonio entre personas del mismo sexo y la igualdad de derechos y salario para las mujeres, y protest&oacute; contra la pena de muerte y la mutilaci&oacute;n genital femenina.<\/p>\n<p>Su activismo no estuvo exento de reacciones adversas, tanto de hombres como de mujeres, y de acoso que pod&iacute;a ser tan vulgar como intimidante.<\/p>\n<h2>Los primeros a&ntilde;os<\/h2>\n<p>Gloria Steinem naci&oacute; el 25 de marzo de 1934 en Toledo, Ohio, y no tuvo una infancia f&aacute;cil.<\/p>\n<p>Su padre, Leo Steinem, era vendedor ambulante y, junto con su madre Ruth y su hermana mayor Susanne, viv&iacute;an en una caravana, recorriendo el pa&iacute;s de un extremo a otro.<\/p>\n<p>Leo abandon&oacute; a la familia y se mud&oacute; a California cuando Steinem ten&iacute;a 10 a&ntilde;os, dej&aacute;ndola al cuidado de Ruth, quien padec&iacute;a desde hac&iacute;a tiempo una enfermedad mental y sufr&iacute;a alucinaciones aterradoras. <\/p>\n<p>Como resultado, Steinem no asisti&oacute; a la escuela a tiempo completo hasta que cumpli&oacute; 12 a&ntilde;os.<\/p>\n<figure>\n        <img loading=\"lazy\" decoding=\"async\" alt=\"Gloria Steinem en la Convenci\u00f3n Dem\u00f3crata de 1972.\" src=\"https:\/\/cablesdenoticias.prensalibre.com\/wp-content\/uploads\/2026\/09\/e43f4ae0-3d3c-11ef-96a8-e710c6bfc866.jpg\" width=\"976\" height=\"549\"><\/p>\n<footer>Getty Images<\/footer><figcaption>Gloria Steinem en la Convenci&oacute;n Dem&oacute;crata de 1972.<\/figcaption><\/figure>\n<p>M&aacute;s tarde comentar&iacute;a que nunca hab&iacute;a querido tener hijos porque ya ten&iacute;a uno: su madre.<\/p>\n<p>A finales de la d&eacute;cada de 1950, viaj&oacute; a India con una beca de investigaci&oacute;n y pas&oacute; dos a&ntilde;os desempe&ntilde;ando diversas funciones, entre ellas la de ayudar a mujeres de aldeas a organizar protestas no violentas contra las pol&iacute;ticas gubernamentales, lo que despert&oacute; su inter&eacute;s por el activismo de base.<\/p>\n<p>Steinem dej&oacute; India y se mud&oacute; a la ciudad de Nueva York a principios de la d&eacute;cada de 1960 para comenzar su carrera como escritora independiente. Era una &eacute;poca en la que las redacciones dominadas por hombres dificultaban que las mujeres consiguieran reportajes de gran impacto.<\/p>\n<h2>Art&iacute;culo revelador<\/h2>\n<p>Su gran oportunidad lleg&oacute; en 1963, cuando Steinem se infiltr&oacute; como camarera de c&oacute;cteles en Playboy y escribi&oacute;<em> A Bunny&#8217;s Tale<\/em>, un reportaje para la revista Show que detallaba la s&oacute;rdida y sexista realidad del imperio de Hugh Hefner.<\/p>\n<p>En cuanto lleg&oacute; para la entrevista, un guardia de seguridad grit&oacute;: &#8220;&iexcl;Aqu&iacute;, conejita, conejita, conejita!&#8221;.<\/p>\n<figure>\n        <img loading=\"lazy\" decoding=\"async\" alt=\"Gloria Steinem como una conejita de Playboy sosteniendo una bandeja\" src=\"https:\/\/cablesdenoticias.prensalibre.com\/wp-content\/uploads\/2026\/09\/f9e10320-3d3c-11ef-b4a6-3b1b50d91225.jpg\" width=\"800\" height=\"450\"><\/p>\n<footer>Getty Images<\/footer><figcaption>El trabajo encubierto de Steinem como conejita de Playboy revel&oacute; un mundo de misoginia y explotaci&oacute;n.<\/figcaption><\/figure>\n<p>Usando el nombre falso de Marie, minti&oacute; sobre su edad: le dijo a Playboy que ten&iacute;a 24 a&ntilde;os cuando en realidad era cuatro a&ntilde;os mayor.<\/p>\n<p>Steinem sac&oacute; a la luz la vida mal pagada de una conejita de ballet y el dolor f&iacute;sico de llevar tacones altos y cors&eacute;s ajustados durante horas.<\/p>\n<p>A pesar de la fama &mdash;y la infamia&mdash; que le siguieron, segu&iacute;a teniendo dificultades para que los editores la tomaran en serio. <\/p>\n<p>Aunque el reportaje de Playboy le ayud&oacute; a conseguir encargos para el<em> <\/em>New York Times y la revista New York Magazine, a menudo estos trataban sobre medias de mujer y los &uacute;ltimos peinados.<\/p>\n<p>&#8220;Hasta el d&iacute;a de hoy, cuando a la gente no le caigo bien, me presentan como una exconejita, para menospreciarme&#8221;, declar&oacute; al New York Times en 2016. &#8220;Por otro lado, s&iacute; mejor&eacute; las condiciones laborales de esas mujeres&#8221;.<\/p>\n<h2>Periodismo exclusivamente femenino<\/h2>\n<p>Sin desanimarse, en 1968 Steinem era columnista de la revista New York Magazine, donde se centraba en temas sociales progresistas y en los derechos de las mujeres.<\/p>\n<p>Su art&iacute;culo, &#8220;Despu&eacute;s del Poder Negro, la Liberaci&oacute;n de la Mujer&#8221;, le vali&oacute; fama nacional y la convirti&oacute; en el rostro del movimiento feminista estadounidense en la d&eacute;cada de 1970.<\/p>\n<p>&#8220;Yo era la &uacute;nica mujer, y despu&eacute;s de escribir un art&iacute;culo sobre el aborto, mis amigos [hombres] me dijeron: &#8216;No te metas con estas locas. Te has esforzado mucho para que te tomen en serio'&#8221;, le cont&oacute; a Rachel Cooke para The Guardian<em> <\/em>en 2011.<\/p>\n<p>As&iacute; que decidi&oacute; tomar cartas en el asunto.<\/p>\n<p>En 1972, lanz&oacute; la revista <em>Ms.<\/em> junto con un grupo de activistas feministas. Fue la primera publicaci&oacute;n peri&oacute;dica fundada y dirigida exclusivamente por mujeres, concebida como una alternativa a otras revistas femeninas que generalmente se centraban en temas de hogar y moda.<\/p>\n<figure>\n        <img loading=\"lazy\" decoding=\"async\" alt=\"Gloria Steinem posando frente a la portada de la revista Ms.\" src=\"https:\/\/cablesdenoticias.prensalibre.com\/wp-content\/uploads\/2026\/09\/110bcc60-3d3d-11ef-96a8-e710c6bfc866.jpg\" width=\"976\" height=\"549\"><\/p>\n<footer>EPA<\/footer><figcaption>La revista<em> Ms. <\/em>marc&oacute; un hito al agotarse en su primera semana de publicaci&oacute;n.<\/figcaption><\/figure>\n<p>Sus antagonistas, en su mayor&iacute;a hombres, no tardaron en criticarla. El presentador de noticias Harry Reasoner dijo que le daba seis meses &#8220;antes de que se les acabaran las cosas que decir&#8221;.<\/p>\n<p>El primer n&uacute;mero se agot&oacute; en una semana y gener&oacute; 26.000 suscriptores. La revista sigue public&aacute;ndose a&uacute;n.<\/p>\n<p>En 1978, Steinem escribi&oacute; uno de los ensayos m&aacute;s infames y le&iacute;dos de la revista <em>Ms.<\/em>: &#8220;Si los hombres pudieran menstruar&#8221;. <\/p>\n<p>Su reflexi&oacute;n sat&iacute;rica sobre lo diferentes que podr&iacute;an ser las estructuras de poder, pol&iacute;ticas y econ&oacute;micas si los hombres tuvieran ciclos menstruales todav&iacute;a se menciona en los debates sobre los roles de g&eacute;nero.<\/p>\n<p>Al final de su carrera, Steinem se hab&iacute;a convertido en una escritora prol&iacute;fica y galardonada, autora de numerosos libros, entre ellos sus propias memorias, una biograf&iacute;a de Marilyn Monroe y una recopilaci&oacute;n de sus citas m&aacute;s famosas titulada con iron&iacute;a <em>&#8220;The truth will set you free, but first it will piss you off&#8221; <\/em>(&#8220;La verdad te har&aacute; libre, pero primero te har&aacute; enojar&#8221;). <\/p>\n<h2>Activista por el derecho al aborto<\/h2>\n<p>Aunque sigue siendo considerada una de las activistas feministas m&aacute;s conocidas del mundo, Steinem se dedic&oacute; al activismo bastante tarde en su vida, cuando ten&iacute;a treinta y tantos a&ntilde;os.<\/p>\n<p>En una manifestaci&oacute;n de sensibilizaci&oacute;n sobre el aborto celebrada en 1969, donde las mujeres compart&iacute;an sus experiencias, animaron a Steinem a compartir su propia historia sobre la interrupci&oacute;n de un embarazo. Esto hab&iacute;a ocurrido a&ntilde;os antes en Londres, cuando ten&iacute;a 22 a&ntilde;os, justo antes de viajar a India.<\/p>\n<p>En aquel entonces, el aborto era ilegal en Reino Unido, salvo que la salud mental o f&iacute;sica de la mujer estuviera en peligro. El m&eacute;dico corri&oacute; un gran riesgo por Steinem, dici&eacute;ndole: &#8220;Debes prometerme dos cosas. Primero, no le dir&aacute;s a nadie mi nombre. Segundo, har&aacute;s con tu vida lo que quieras&#8221;.<\/p>\n<p>Casi 60 a&ntilde;os despu&eacute;s, Steinem rompi&oacute; una de esas promesas cuando dedic&oacute; sus memorias, &#8220;My Life On The Road&#8221; (&#8220;Mi vida en la carretera&#8221;), al m&eacute;dico John Sharpe.<\/p>\n<p>Describi&oacute; aquel evento de concienciaci&oacute;n sobre el aborto como un &#8220;momento revelador&#8221;, cuando se dio cuenta de que Estados Unidos necesitaba un movimiento por los derechos de las mujeres m&aacute;s grande.<\/p>\n<p>Steinem se convirti&oacute; en una defensora ac&eacute;rrima del derecho al aborto, al que denomin&oacute; &#8220;libertad reproductiva&#8221;. Se le atribuye a esta frase haber hecho que el tema fuera m&aacute;s accesible al debate pol&iacute;tico y se sigue utilizando en las discusiones sobre el aborto.<\/p>\n<figure>\n        <img loading=\"lazy\" decoding=\"async\" alt=\"Muchas personas en una marcha por el derecho al aborto\" src=\"https:\/\/cablesdenoticias.prensalibre.com\/wp-content\/uploads\/2026\/09\/2d1a6a60-3d3d-11ef-b74c-bb483a802c97.jpg\" width=\"976\" height=\"549\"><\/p>\n<footer>Getty Images<\/footer><figcaption>Junto a Steinem en la Marcha por la Vida de las Mujeres de 1989 estuvieron Susan Sarandon, Gloria Allred, Jesse Jackson y Jane Fonda.<\/figcaption><\/figure>\n<p>Steinem organiz&oacute; marchas y r&aacute;pidamente se convirti&oacute; en una figura popular en las manifestaciones, aunque m&aacute;s tarde admiti&oacute; que hablar ante las enormes multitudes le resultaba &#8220;absolutamente aterrador&#8221;.<\/p>\n<p>Tras el fracaso del Congreso en la aprobaci&oacute;n de la Enmienda de Igualdad de Derechos (ERA, por sus siglas en ingl&eacute;s) en 1970 &mdash;una ley que otorgaba a las mujeres los mismos derechos que a los hombres&mdash;, Steinem cofund&oacute; el Caucus Pol&iacute;tico Nacional de Mujeres junto con otras l&iacute;deres feministas y m&aacute;s de 300 mujeres de todo Estados Unidos. El grupo trabaj&oacute; para incluir a las mujeres en todos los aspectos de la vida pol&iacute;tica y p&uacute;blica.<\/p>\n<p>Ese mismo a&ntilde;o testific&oacute; en las audiencias del Senado sobre la Enmienda de Igualdad de Derechos (ERA), dici&eacute;ndole a la audiencia, predominantemente masculina: &#8220;Me han negado el servicio en restaurantes p&uacute;blicos, me han echado de lugares p&uacute;blicos de reuni&oacute;n y me han rechazado en el alquiler de apartamentos, todo por la raz&oacute;n claramente establecida y &uacute;nica de que soy mujer&#8221;.<\/p>\n<p>La segunda ola del feminismo sigui&oacute; cobrando fuerza, y Steinem fue una de sus figuras m&aacute;s famosas.<\/p>\n<h2>&iquest;Demasiado glamur?<\/h2>\n<p>Sin embargo, las cr&iacute;ticas llegaron tanto de la izquierda como de la derecha, y Steinem fue atacada por todo, desde su apariencia hasta sus motivaciones. Algunos afirmaban que era demasiado glamorosa para ser una verdadera feminista, mientras que otros sosten&iacute;an que su &eacute;xito se deb&iacute;a &uacute;nicamente a su imagen.<\/p>\n<p>Betty Friedan, autora de &#8220;La m&iacute;stica de la feminidad&#8221;, el libro al que se le atribuye el lanzamiento de la segunda ola del feminismo, estaba molesta porque Steinem se convirti&oacute; en el rostro del movimiento, acus&aacute;ndola de &#8220;apropiarse del movimiento para obtener ganancias privadas&#8221; cuando lanz&oacute; <em>Ms.<\/em><\/p>\n<p>Los medios de comunicaci&oacute;n intentaban &#8220;convertirla en una celebridad&#8221;, se quej&oacute; Friedan, &#8220;pero nadie deber&iacute;a confundirla con una l&iacute;der&#8221;.<\/p>\n<figure>\n        <img loading=\"lazy\" decoding=\"async\" alt=\"Gloria Steinem hablando en el Club Nacional de Prensa\" src=\"https:\/\/cablesdenoticias.prensalibre.com\/wp-content\/uploads\/2026\/09\/3cd2c4c0-3d3d-11ef-9e1c-3b4a473456a6.jpg\" width=\"976\" height=\"549\"><\/p>\n<footer>Getty Images<\/footer><figcaption>El repentino ascenso de Steinem hasta convertirse en el rostro de la segunda ola del feminismo provoc&oacute; la ira de algunos activistas.<\/figcaption><\/figure>\n<p>El presidente estadounidense Richard Nixon fue grabado durante una conversaci&oacute;n secreta despotricando furiosamente contra Steinem, a lo que ella respondi&oacute;: &#8220;Hay quienes opinan que Richard Nixon es el jefe de Estado m&aacute;s inseguro sexualmente desde Napole&oacute;n&#8221;.<\/p>\n<p>Al Goldstein, el conocido porn&oacute;grafo y editor de la revista <em>Screw,<\/em> lanz&oacute; una campa&ntilde;a de ataques que incluy&oacute; la publicaci&oacute;n de su n&uacute;mero de tel&eacute;fono junto a anuncios falsos de sexo oral.<\/p>\n<p>Tambi&eacute;n imprimi&oacute; una imagen a doble p&aacute;gina de una mujer parecida a Steinem y la colg&oacute; abierta en el quiosco de peri&oacute;dicos situado frente a las oficinas de la revista <em>Ms. <\/em>Ella ten&iacute;a que verla todos los d&iacute;as.<\/p>\n<p>Con el paso de los a&ntilde;os, el acoso de esta magnitud se volvi&oacute; menos frecuente. Sin embargo, dado que era una figura conocida en la ciudad de Nueva York, no era raro que desconocidos la abordaran en la calle para debatir con ella, a veces con un tono hostil.<\/p>\n<p>Pero ella acogi&oacute; con satisfacci&oacute;n la continuidad del debate. En 2020, form&oacute; parte de un grupo diverso de figuras p&uacute;blicas que firmaron una carta abierta denunciando la cultura de la cancelaci&oacute;n, afirmando que debilita el debate abierto al silenciar a las personas.<\/p>\n<p>&#8220;Si te importa tener esa conversaci&oacute;n, seguramente querr&aacute;s intentar convencer a la otra persona de una manera humana, no eliminarla&#8221;, declar&oacute; al New York Times.<\/p>\n<h2>&#8216;No puedo reproducirme en cautividad&#8217;<\/h2>\n<p>Gloria Steinem brome&oacute; una vez: &#8220;No puedo tener pareja en cautiverio&#8221;, en referencia a su desinter&eacute;s por el matrimonio. Sin embargo, p&uacute;blicamente disfrut&oacute; de una vida amorosa activa con varios solteros ricos y famosos, lo que dio a sus cr&iacute;ticos m&aacute;s argumentos para atacarla.<\/p>\n<p>Entre ellos se encontraban Frank Thomas, quien era director de la Fundaci&oacute;n Ford; el director de cine Mike Nichols y el decatleta ol&iacute;mpico Rafer Johnson (quien ayud&oacute; a detener al hombre que asesin&oacute; a Robert F. Kennedy en 1968).<\/p>\n<p>&#8220;Siempre me acusaban de aprovecharme de los hombres, de ser demasiado sexual. Una vez alguien me envi&oacute; una caricatura de una l&aacute;pida que dec&iacute;a &#8216;por fin duerme sola'&#8221;, escribi&oacute;.<\/p>\n<p>Pero en el a&ntilde;o 2000, a los 66 a&ntilde;os, se cas&oacute; con David Bale, un empresario y ecologista nacido en Sud&aacute;frica, y padre del actor Christian Bale.<\/p>\n<p>En aquel momento, la uni&oacute;n provoc&oacute; exclamaciones de sorpresa e incluso decepci&oacute;n entre algunas feministas, que hab&iacute;an seguido durante a&ntilde;os los acalorados debates de Steinem en torno a las leyes matrimoniales.<\/p>\n<p>Pero ella afirm&oacute; que esas leyes finalmente hab&iacute;an cambiado. &#8220;Si me hubiera casado cuando deb&iacute;a, habr&iacute;a perdido mi apellido, mi residencia legal, mi historial crediticio y muchos de mis derechos civiles. Eso ya no es as&iacute;. Ahora es posible contraer matrimonio en igualdad de condiciones&#8221;, explic&oacute; a&ntilde;os despu&eacute;s.<\/p>\n<p>Steinem tambi&eacute;n confes&oacute; que se trataba de un &#8220;matrimonio por conveniencia&#8221; porque la visa estadounidense de Bale estaba a punto de expirar, pero afirm&oacute; que se amaban y que iban a estar juntos de todos modos.<\/p>\n<figure>\n        <img loading=\"lazy\" decoding=\"async\" alt=\"David Bale, Gloria Steinem y Maurine Rothschild\" src=\"https:\/\/cablesdenoticias.prensalibre.com\/wp-content\/uploads\/2026\/09\/52b27060-3d3d-11ef-9e1c-3b4a473456a6.jpg\" width=\"976\" height=\"549\"><\/p>\n<footer>Getty Images<\/footer><figcaption>David Bale y Gloria Steinem, fotografiados con Maurine Rothschild.<\/figcaption><\/figure>\n<p>Bale falleci&oacute; tres a&ntilde;os despu&eacute;s a causa de un linfoma cerebral.<\/p>\n<p>Steinem tuvo un susto de salud con un c&aacute;ncer de mama en 1986 y se someti&oacute; a una lumpectom&iacute;a.<\/p>\n<h2>&#8216;Hay tanto por hacer&#8217;<\/h2>\n<p>Gloria Steinem dijo una vez que quer&iacute;a vivir hasta los 100 a&ntilde;os porque &#8220;hay mucho por hacer&#8221;.<\/p>\n<p>En su casi siglo de vida, incluso lleg&oacute; a ser una talentosa bailarina de claqu&eacute;.<\/p>\n<p>En 2013, el presidente Barack Obama le otorg&oacute; la m&aacute;xima distinci&oacute;n civil de Estados Unidos, la Medalla Presidencial de la Libertad, reconociendo que su labor contribuy&oacute; a que m&aacute;s mujeres recibieran &#8220;el respeto y las oportunidades que merecen&#8221;.<\/p>\n<p>En 2024, cumpli&oacute; 90 a&ntilde;os. Viv&iacute;a sola en Nueva York, satisfecha con el hecho de que la revista <em>Ms.<\/em> segu&iacute;a public&aacute;ndose.<\/p>\n<p>Steinem aprovech&oacute; la ocasi&oacute;n para declarar a la BBC que esperaba que su legado &#8220;pudiera ayudar a las personas&#8230; a convertirse en la persona &uacute;nica, valiosa, querida y digna de ser amada que desean ser&#8221;.<\/p>\n<p>Ser&aacute; recordada por dar voz a las mujeres de una manera que los medios de comunicaci&oacute;n convencionales de la &eacute;poca no pod&iacute;an o no quer&iacute;an hacer.<\/p>\n<p>Y al hacerlo, transform&oacute; el panorama y el lenguaje de los derechos de la mujer en Estados Unidos.<\/p>\n<p><em>Este art&iacute;culo fue escrito originalmente en ingl&eacute;s y usamos una herramienta de inteligencia artificial para traducirlo. Un periodista de la BBC revis&oacute; el texto antes de su publicaci&oacute;n. <\/em><a href=\"https:\/\/www.bbc.com\/mediacentre\/articles\/2024\/update-generative-ai-and-ai-tools-bbc?xtor=AL-73-%5Bpartner%5D-%5Bprensalibre.com%5D-%5Blink%5D-%5Bmundo%5D-%5Bbizdev%5D-%5Bisapi%5D\"><em>M&aacute;s informaci&oacute;n sobre c&oacute;mo usamos IA<\/em><\/a><em>.<\/em><\/p>\n<ul>\n<li><a href=\"https:\/\/bbcwsuniversal.onelink.me\/s6ot\/8sfpme8y\"><em>Descarga la nueva app del BBC World Service<\/em><\/a><em>. Elige BBC News Mundo y recibe alertas de noticias, documentales y an&aacute;lisis, todo en un solo lugar. Importante: la nueva aplicaci&oacute;n no est&aacute; disponible en Reino Unido ni Estados Unidos.<\/em><\/li>\n<li><em>Tambi&eacute;n puedes seguirnos en <\/em><a href=\"https:\/\/www.youtube.com\/user\/BBCMundo?sub_confirmation=1\"><em>YouTube<\/em><\/a><em>, <\/em><a href=\"https:\/\/www.instagram.com\/bbcmundo\"><em>Instagram<\/em><\/a><em>, <\/em><a href=\"https:\/\/www.tiktok.com\/@bbcnewsmundo\"><em>TikTok<\/em><\/a><em>, <\/em><a href=\"https:\/\/www.facebook.com\/BBCnewsMundo\"><em>Facebook<\/em><\/a><em>, <\/em><a href=\"https:\/\/twitter.com\/bbcmundo\"><em>X<\/em><\/a><em> y en nuestro <\/em><a href=\"https:\/\/www.whatsapp.com\/channel\/0029VaUm1Ss3WHTbgIXrjw3D\"><em>canal de WhatsApp<\/em><\/a><em>.<\/em><\/li>\n<li><em>Y no olvides <\/em><a href=\"https:\/\/www.bbc.com\/mundo\/send\/u184973209?xtor=AL-73-%5Bpartner%5D-%5Bprensalibre.com%5D-%5Blink%5D-%5Bmundo%5D-%5Bbizdev%5D-%5Bisapi%5D\"><em>suscribirte aqu&iacute; a nuestro newsletter<\/em><\/a><em> para recibir cada viernes una selecci&oacute;n especial de nuestro mejor contenido.<\/em><\/li>\n<\/ul>\n<ul>\n<li><a href=\"https:\/\/www.bbc.com\/mundo\/articles\/cqepp04vr5no?xtor=AL-73-%5Bpartner%5D-%5Bprensalibre.com%5D-%5Blink%5D-%5Bmundo%5D-%5Bbizdev%5D-%5Bisapi%5D\">&ldquo;Hay un deseo de controlar los &uacute;teros que a menudo es el m&aacute;s letal&rdquo;<\/a><\/li>\n<\/ul>\n<\/div>\n","protected":false},"excerpt":{"rendered":"<p>Esta feminista pionera fue una figura emblem\u00e1tica y l\u00edder de los derechos de la mujer en Estados Unidos.<\/p>\n","protected":false},"author":2,"featured_media":25226,"comment_status":"open","ping_status":"open","sticky":false,"template":"","format":"standard","meta":{"footnotes":""},"categories":[7],"tags":[24,22],"class_list":["post-25225","post","type-post","status-publish","format-standard","has-post-thumbnail","hentry","category-bbc-news-mundo-internacional","tag-feed-de-agencias","tag-noticias-internacionales"],"_links":{"self":[{"href":"https:\/\/cablesdenoticias.prensalibre.com\/index.php?rest_route=\/wp\/v2\/posts\/25225","targetHints":{"allow":["GET"]}}],"collection":[{"href":"https:\/\/cablesdenoticias.prensalibre.com\/index.php?rest_route=\/wp\/v2\/posts"}],"about":[{"href":"https:\/\/cablesdenoticias.prensalibre.com\/index.php?rest_route=\/wp\/v2\/types\/post"}],"author":[{"embeddable":true,"href":"https:\/\/cablesdenoticias.prensalibre.com\/index.php?rest_route=\/wp\/v2\/users\/2"}],"replies":[{"embeddable":true,"href":"https:\/\/cablesdenoticias.prensalibre.com\/index.php?rest_route=%2Fwp%2Fv2%2Fcomments&post=25225"}],"version-history":[{"count":1,"href":"https:\/\/cablesdenoticias.prensalibre.com\/index.php?rest_route=\/wp\/v2\/posts\/25225\/revisions"}],"predecessor-version":[{"id":25233,"href":"https:\/\/cablesdenoticias.prensalibre.com\/index.php?rest_route=\/wp\/v2\/posts\/25225\/revisions\/25233"}],"wp:featuredmedia":[{"embeddable":true,"href":"https:\/\/cablesdenoticias.prensalibre.com\/index.php?rest_route=\/wp\/v2\/media\/25226"}],"wp:attachment":[{"href":"https:\/\/cablesdenoticias.prensalibre.com\/index.php?rest_route=%2Fwp%2Fv2%2Fmedia&parent=25225"}],"wp:term":[{"taxonomy":"category","embeddable":true,"href":"https:\/\/cablesdenoticias.prensalibre.com\/index.php?rest_route=%2Fwp%2Fv2%2Fcategories&post=25225"},{"taxonomy":"post_tag","embeddable":true,"href":"https:\/\/cablesdenoticias.prensalibre.com\/index.php?rest_route=%2Fwp%2Fv2%2Ftags&post=25225"}],"curies":[{"name":"wp","href":"https:\/\/api.w.org\/{rel}","templated":true}]}}