{"id":7305,"date":"2026-04-30T09:47:33","date_gmt":"2026-04-30T14:47:33","guid":{"rendered":"https:\/\/cablesdenoticias.prensalibre.com\/?p=7305"},"modified":"2026-04-30T08:55:49","modified_gmt":"2026-04-30T14:55:49","slug":"quien-es-ruben-rocha-el-gobernador-de-sinaloa-e-historico-aliado-de-amlo-al-que-ee-uu-acusa-de-colaborar-con-los-chapitos","status":"publish","type":"post","link":"https:\/\/cablesdenoticias.prensalibre.com\/?p=7305","title":{"rendered":"Qui\u00e9n es Rub\u00e9n Rocha, el gobernador de Sinaloa e hist\u00f3rico aliado de AMLO al que EE.UU. acusa de colaborar con &#8220;Los Chapitos&#8221;"},"content":{"rendered":"<p>This <a href=\"https:\/\/www.bbc.com\/mundo\/articles\/c8e8l5lnx91o?xtor=AL-73-%5Bpartner%5D-%5Bprensalibre.com%5D-%5Bheadline%5D-%5Bmundo%5D-%5Bbizdev%5D-%5Bisapi%5D\" target=\"_blank\">post<\/a> was originally published on <a href=\"https:\/\/information-syndication.api.bbc.com\/articles?api_key=LIhwV24f34gSy1AEcnQZjtXfdD4AJ47g&feed=mundo-internacional&mixins=thumbnail_images,summary,body,body_images,worldwide_verticals,visual_journalism&twitter_format=embedded&youtube_format=embedded&instagram_format=embedded&page_view_tracking=javascript&sort=date_desc&accept_override=rss2\" target=\"_blank\">this site<\/a>.<\/p><div>\n<figure>\n        <img loading=\"lazy\" decoding=\"async\" alt=\"retatro del gobernador de Sinaloa\" src=\"https:\/\/cablesdenoticias.prensalibre.com\/wp-content\/uploads\/2026\/04\/e95d59d0-448e-11f1-98b6-dfa1f5691177.jpg\" width=\"1024\" height=\"576\"><\/p>\n<footer>CARL DE SOUZA\/AFP via Getty Images<\/footer><figcaption>El gobernador de Sinaloa figuran entre los nueve funcionarios y exfuncionarios mexicanos acusados por EE.UU. de complicidad con el narcotr&aacute;fico.<\/figcaption><\/figure>\n<p><strong>El narcotr&aacute;fico vuelve a poner a prueba las relaciones entre Estados Unidos y M&eacute;xico.<\/strong><\/p>\n<p>La decisi&oacute;n de la Fiscal&iacute;a del Distrito Sur de Nueva York de acusar a diez funcionarios y exfuncionarios mexicanos de colusi&oacute;n con el Cartel de Sinaloa &mdash;organizaci&oacute;n fundada por Joaqu&iacute;n &#8220;El Chapo&#8221; Guzm&aacute;n y su socio Ismael &#8220;El Mayo&#8221; Zambada&mdash; ha desatado una tormenta al sur del r&iacute;o Grande, pues refuerza la tesis sostenida por la administraci&oacute;n de Donald Trump de que su vecino &#8220;est&aacute; controlado por los carteles&#8221;.<\/p>\n<p>Entre los se&ntilde;alados por las autoridades estadounidenses figuran miembros destacados del Movimiento de Regeneraci&oacute;n Nacional (Morena), el partido fundado por el expresidente Andr&eacute;s Manuel L&oacute;pez Obrador (AMLO) y al que pertenece la actual mandataria, Claudia Sheinbaum, como el senador Enrique Inzunza C&aacute;zarez y el gobernador de Sinaloa, Rub&eacute;n Rocha Moya.<\/p>\n<p>Sin embargo, la atenci&oacute;n medi&aacute;tica se ha centrado en Rocha. &iquest;La raz&oacute;n? Su cercan&iacute;a con AMLO y las sospechas que desde hace tiempo lo vinculan con capos de la droga.<\/p>\n<p>El gobernador ha rechazado los se&ntilde;alamientos en su contra y los ha calificado como una &#8220;calumnia&#8221; carente de &#8220;veracidad y fundamento alguno&#8221;.<\/p>\n<p>De acuerdo con los fiscales estadounidenses, Rocha habr&iacute;a recibido del Cartel de Sinaloa apoyo para ser electo, el cual habr&iacute;a incluido actos de presi&oacute;n contra sus adversarios. Esto, a cambio de que una vez en el cargo permitiera al grupo operar sin intervenci&oacute;n de las autoridades estatales.<\/p>\n<p>En su rueda de prensa diaria conocida como &#8220;La ma&ntilde;anera&#8221;, la presidenta Sheinbaum se&ntilde;al&oacute; este jueves que &#8220;nosotros no vamos a cubrir a nadie que haya cometido un delito. Sin embargo, si no existen pruebas claras, es evidente que el objetivo de estas imputaciones por parte del Departamento de Justicia (de EE.UU.) es pol&iacute;tico&#8221;.<\/p>\n<p>Shinbaum hizo hincapi&eacute; en la defensa de la soberan&iacute;a de M&eacute;xico, se&ntilde;alando que era la primera vez que ocurr&iacute;a algo as&iacute;: &#8220;Debe quedar sumamente claro: bajo ning&uacute;n motivo vamos a permitir la intromisi&oacute;n o injerencia de un gobierno extranjero en las decisiones que le competen exclusivamente al pueblo de M&eacute;xico&#8221;.<\/p>\n<h2>Sindicalista, acad&eacute;mico y pol&iacute;tico<\/h2>\n<p>&#8220;Rocha es un cuadro hist&oacute;rico de la izquierda mexicana&#8221;. As&iacute; describi&oacute; el medio mexicano &#8220;Milenio&#8221; al gobernador, quien naci&oacute; el 15 de junio de 1949 en el municipio de Badiraguato (Sinaloa), la misma zona donde, a&ntilde;os despu&eacute;s, en 1957, naci&oacute; &#8220;El Chapo&#8221; Guzm&aacute;n. Esta coincidencia ha alimentado las sospechas sobre sus presuntos nexos con el narcotr&aacute;fico.<\/p>\n<p>El pol&iacute;tico inici&oacute; su carrera p&uacute;blica desde muy joven. En 1968, con apenas 20 a&ntilde;os fue electo como secretario de la Federaci&oacute;n de Estudiantes Campesinos Socialistas de M&eacute;xico; y para principios de la d&eacute;cada de 1980 lideraba el Sindicato &Uacute;nico de Trabajadores de la Universidad Aut&oacute;noma de Sinaloa, donde complet&oacute; su formaci&oacute;n.<\/p>\n<figure>\n        <img loading=\"lazy\" decoding=\"async\" alt=\"La presidenta de M&eacute;xico coloca su brazo sobre el gobernador Rocha Moya, mientras que AMLO aplaude.\" src=\"https:\/\/cablesdenoticias.prensalibre.com\/wp-content\/uploads\/2026\/04\/379093b0-448f-11f1-98b6-dfa1f5691177.jpg\" width=\"869\" height=\"488\"><\/p>\n<footer>RASHIDE FRIAS\/AFP via Getty Images<\/footer><figcaption>Rocha Moya es un veterano dirigente de izquierda y desde finales de la d&eacute;cada de 1990 es cercano al expresidente L&oacute;pez Obrador.<\/figcaption><\/figure>\n<p>Compagin&oacute; su carrera como educador y sindicalista con su primer intento por ser elegido como gobernador en 1986, donde fue abanderado por una alianza izquierdista integrada por el Partido Socialista Unificado de M&eacute;xico (PSUM), el Partido Mexicano de los Trabajadores (PMT), el Partido Revolucionario de los Trabajadores (PRT) y Corriente Socialista. No obstante, no consigui&oacute; m&aacute;s del 2% de los votos.<\/p>\n<p>Tras su primer fracaso en la pol&iacute;tica regional, Rocha se enfoc&oacute; en el &aacute;mbito universitario. Entre 1989 y 1992 fue secretario general de la Universidad Aut&oacute;noma de Sinaloa (UAS), de la que lleg&oacute; a ser rector de 1993 a 1997.<\/p>\n<p>En 1998, volvi&oacute; a la pol&iacute;tica cuando AMLO lo invit&oacute; a ser abanderado del Partido de la Revoluci&oacute;n Democr&aacute;tica (PRD) a la gobernaci&oacute;n del estado, pero qued&oacute; tercero en los escrutinios.<\/p>\n<p>Pese a su cercan&iacute;a con la izquierda colabor&oacute; como asesor en las administraciones de los gobernadores Jes&uacute;s Alberto Aguilar Padilla (2005-2010) y de Quirino Ordaz Coppel (2017-2021), ambos del Partido Revolucionario Institucional (PRI).<\/p>\n<p>En 2013, mucho antes de estos esc&aacute;ndalos que ahora lo persiguen, Rocha public&oacute; una novela titulada &#8220;El disimulo: as&iacute; naci&oacute; el narco&#8221;, que relata la historia de c&oacute;mo surgi&oacute; el crimen organizado en Sinaloa, record&oacute; el diario estadounidense <em>The New York Times<\/em>.<\/p>\n<p>En 2017, se integr&oacute; en Morena y en 2018 result&oacute; electo senador.<\/p>\n<figure>\n        <img loading=\"lazy\" decoding=\"async\" alt='Retrato de \"El Mayo\" Zambada.' src=\"https:\/\/cablesdenoticias.prensalibre.com\/wp-content\/uploads\/2026\/04\/09eecb60-4490-11f1-bd52-e755d604ece4.png\" width=\"800\" height=\"449\"><\/p>\n<footer>EPA<\/footer><figcaption>&#8220;El Mayo&#8221; Zambada asegur&oacute; que el d&iacute;a de su detenci&oacute;n se iba a reunir con el gobernador Rocha, unas afirmaciones que el mandatario ha negado.<\/figcaption><\/figure>\n<h2>Entre sospechas y pol&eacute;micas<\/h2>\n<p>En 2021, Rocha se postul&oacute; por tercera vez a la gobernaci&oacute;n de Sinaloa con el respaldo de Morena y consigui&oacute; ser elegido. Esto, a pesar de que ese mismo a&ntilde;o el diario Milenio public&oacute; informes de inteligencia mexicana en los que se aseguraba que el veterano pol&iacute;tico izquierdista ten&iacute;a nexos con el cartel de Sinaloa.<\/p>\n<p>Su gesti&oacute;n, sin embargo, ha estado rodeada de pol&eacute;mica, en particular por su manejo del problema de la violencia criminal.<\/p>\n<p>El gobernador ha sido un defensor de la pol&eacute;mica pol&iacute;tica de &#8220;abrazos, no balazos&#8221; con la que AMLO quiso lidiar con la delincuencia.<\/p>\n<p>&#8220;La seguridad es un t&oacute;pico preocupante para los gobiernos de M&eacute;xico e, inclusive, del mundo. Nosotros somos seguidores del presidente L&oacute;pez Obrador y nuestra estrategia es la de &eacute;l&#8221;, declar&oacute; el funcionario al diario brit&aacute;nico <em>The Independent<\/em> en 2023.<\/p>\n<p>&#8220;Necesitamos darles sentido de vida a todos los pobres que viven en la marginaci&oacute;n, no solamente para que se alimenten, sino para otorgarles educaci&oacute;n, cultura, deporte y una forma de vivir dignamente. La gente act&uacute;a muchas veces por hambre, por incultura, por falta de atenci&oacute;n de las autoridades&#8221;, explic&oacute;.<\/p>\n<p>Y aunque prometi&oacute; que se castigar&iacute;a a quienes delinquieran, su administraci&oacute;n ha sido incapaz de frenar la violencia, en especial la que se ha desatado en Sinaloa tras la captura de &#8220;El Mayo&#8221; Zambada en julio de 2024, un hecho que abri&oacute; una guerra entre sus seguidores y &#8220;Los Chapitos&#8221; (los hijos del &#8220;Chapo&#8221; Guzm&aacute;n).<\/p>\n<p>Los enfrentamientos han dejado 3.100 homicidios y 3.000 personas desaparecidas, seg&uacute;n medios locales.<\/p>\n<p>En febrero pasado, un grupo de abogados solicit&oacute; a la Fiscal&iacute;a mexicana investigar al gobernador por su inacci&oacute;n frente a la crisis de violencia, rese&ntilde;&oacute; el diario mexicano &#8220;El Universal&#8221;.<\/p>\n<p>Sin embargo, fue con la captura de &#8220;El Mayo&#8221; cuando comenzaron los verdaderos problemas para Rocha.<\/p>\n<p>El capo asegur&oacute;, en una carta, que fue llevado a una trampa por &#8220;Los Chapitos&#8221;, que lo convocaron a una reuni&oacute;n donde, le prometieron, estar&iacute;a el gobernador, quien nunca apareci&oacute;. En lugar de eso, lo secuestraron y llevaron a EE.UU. para entregarlo a las autoridades judiciales de ese pa&iacute;s, seg&uacute;n su relato.<\/p>\n<p>&#8220;No estaba enterado de esa reuni&oacute;n. Ni estaba enterado ni me invitaron, ni ten&iacute;an por qu&eacute; hacerlo&#8221;, asever&oacute; en esa ocasi&oacute;n el funcionario.<\/p>\n<p>AMLO sali&oacute; en defensa de su aliado.<\/p>\n<p>&#8220;Nosotros le tenemos toda la confianza al maestro Rocha&#8221;, declar&oacute; en agosto de 2024.<\/p>\n<p>En similares t&eacute;rminos se pronunci&oacute; Sheinbaum, quien dijo: &#8220;Le creemos al gobernador&#8221;.<\/p>\n<p>Rocha, por su parte, cree que la acusaci&oacute;n de los fiscales estadounidenses en su contra tiene dos objetivos.<\/p>\n<p>El primero es debilitar al gobierno mexicano. &#8220;Este ataque no es &uacute;nicamente a mi persona: sino al movimiento de la Cuarta Transformaci&oacute;n, a sus emblem&aacute;ticos liderazgos, y a los mexicanos que representamos esa causa&#8221;, afirm&oacute; en su cuenta de X (antigua Twitter).<\/p>\n<p>Y segundo, &#8220;se inscribe en una perversa estrategia para violentar el orden constitucional, espec&iacute;ficamente la soberan&iacute;a nacional&#8221;, con el fin de justificar operaciones policiales y militares contra los carteles en territorio mexicano.<\/p>\n<figure>\n        <img loading=\"lazy\" decoding=\"async\" alt=\"Raya gris\" src=\"https:\/\/cablesdenoticias.prensalibre.com\/wp-content\/uploads\/2026\/04\/aed119a0-448e-11f1-ac78-2112837ce2aa.png\" width=\"800\" height=\"100\"><\/p>\n<footer>BBC<\/footer>\n<\/figure>\n<p><a href=\"https:\/\/www.bbc.com\/mundo?xtor=AL-73-%5Bpartner%5D-%5Bprensalibre.com%5D-%5Blink%5D-%5Bmundo%5D-%5Bbizdev%5D-%5Bisapi%5D\"><em>Haz clic aqu&iacute;<\/em><\/a><em> para leer m&aacute;s historias de BBC News Mundo.<\/em><\/p>\n<p><a href=\"https:\/\/www.bbc.com\/mundo\/send\/u184973209?xtor=AL-73-%5Bpartner%5D-%5Bprensalibre.com%5D-%5Blink%5D-%5Bmundo%5D-%5Bbizdev%5D-%5Bisapi%5D\"><em>Suscr&iacute;bete aqu&iacute;<\/em><\/a><em> a nuestro nuevo newsletter para recibir cada viernes una selecci&oacute;n de nuestro mejor contenido de la semana.<\/em><\/p>\n<p><em>Tambi&eacute;n puedes seguirnos en <\/em><a href=\"https:\/\/www.youtube.com\/user\/BBCMundo?sub_confirmation=1\"><em>YouTube<\/em><\/a><em>, <\/em><a href=\"https:\/\/www.instagram.com\/bbcmundo\"><em>Instagram<\/em><\/a><em>, <\/em><a href=\"https:\/\/www.tiktok.com\/@bbcnewsmundo\"><em>TikTok<\/em><\/a><em>, <\/em><a href=\"https:\/\/twitter.com\/bbcmundo\"><em>X<\/em><\/a><em>, <\/em><a href=\"https:\/\/www.facebook.com\/BBCnewsMundo\"><em>Facebook<\/em><\/a><em> y en nuestro <\/em><a href=\"https:\/\/whatsapp.com\/channel\/0029VaUm1Ss3WHTbgIXrjw3D\"><em>canal de WhatsApp<\/em><\/a><em>.<\/em><\/p>\n<p><em>Y recuerda que puedes recibir notificaciones en nuestra app. Descarga la &uacute;ltima versi&oacute;n y act&iacute;valas.<\/em><\/p>\n<ul>\n<li><a href=\"https:\/\/www.bbc.com\/mundo\/articles\/cvgzld353gyo?xtor=AL-73-%5Bpartner%5D-%5Bprensalibre.com%5D-%5Blink%5D-%5Bmundo%5D-%5Bbizdev%5D-%5Bisapi%5D\">Por qu&eacute; las acusaciones de narcotr&aacute;fico de EE.UU. contra el gobernador de Sinaloa son un golpe para Claudia Sheinbaum (y la obligan a un nuevo ejercicio de equilibrismo)<\/a><\/li>\n<li><a href=\"https:\/\/www.bbc.com\/mundo\/articles\/cgkr43y3p7zo?xtor=AL-73-%5Bpartner%5D-%5Bprensalibre.com%5D-%5Blink%5D-%5Bmundo%5D-%5Bbizdev%5D-%5Bisapi%5D\">Qui&eacute;n es &#8220;El Mayo&#8221; Zambada, el hombre m&aacute;s buscado de M&eacute;xico que se declar&oacute; culpable de narcotr&aacute;fico en una corte de EE.UU.<\/a><\/li>\n<li><a href=\"https:\/\/www.bbc.com\/mundo\/articles\/crm1n9d170yo?xtor=AL-73-%5Bpartner%5D-%5Bprensalibre.com%5D-%5Blink%5D-%5Bmundo%5D-%5Bbizdev%5D-%5Bisapi%5D\">Por qu&eacute; el ej&eacute;rcito mexicano no est&aacute; hecho para la guerra (y qu&eacute; implica en la lucha contra el narco)<\/a><\/li>\n<\/ul>\n<\/div>\n","protected":false},"excerpt":{"rendered":"<p>This post was originally published on this site. CARL DE SOUZA\/AFP via Getty ImagesEl gobernador de Sinaloa figuran entre los nueve funcionarios y exfuncionarios mexicanos acusados por EE.UU. de complicidad con el narcotr&aacute;fico. El narcotr&aacute;fico vuelve a poner a prueba las relaciones entre Estados Unidos y M&eacute;xico. La decisi&oacute;n de la Fiscal&iacute;a del Distrito Sur [&hellip;]<\/p>\n","protected":false},"author":2,"featured_media":7306,"comment_status":"open","ping_status":"open","sticky":false,"template":"","format":"standard","meta":{"footnotes":""},"categories":[7],"tags":[],"class_list":["post-7305","post","type-post","status-publish","format-standard","has-post-thumbnail","hentry","category-bbc-news-mundo-internacional"],"_links":{"self":[{"href":"https:\/\/cablesdenoticias.prensalibre.com\/index.php?rest_route=\/wp\/v2\/posts\/7305","targetHints":{"allow":["GET"]}}],"collection":[{"href":"https:\/\/cablesdenoticias.prensalibre.com\/index.php?rest_route=\/wp\/v2\/posts"}],"about":[{"href":"https:\/\/cablesdenoticias.prensalibre.com\/index.php?rest_route=\/wp\/v2\/types\/post"}],"author":[{"embeddable":true,"href":"https:\/\/cablesdenoticias.prensalibre.com\/index.php?rest_route=\/wp\/v2\/users\/2"}],"replies":[{"embeddable":true,"href":"https:\/\/cablesdenoticias.prensalibre.com\/index.php?rest_route=%2Fwp%2Fv2%2Fcomments&post=7305"}],"version-history":[{"count":1,"href":"https:\/\/cablesdenoticias.prensalibre.com\/index.php?rest_route=\/wp\/v2\/posts\/7305\/revisions"}],"predecessor-version":[{"id":7311,"href":"https:\/\/cablesdenoticias.prensalibre.com\/index.php?rest_route=\/wp\/v2\/posts\/7305\/revisions\/7311"}],"wp:featuredmedia":[{"embeddable":true,"href":"https:\/\/cablesdenoticias.prensalibre.com\/index.php?rest_route=\/wp\/v2\/media\/7306"}],"wp:attachment":[{"href":"https:\/\/cablesdenoticias.prensalibre.com\/index.php?rest_route=%2Fwp%2Fv2%2Fmedia&parent=7305"}],"wp:term":[{"taxonomy":"category","embeddable":true,"href":"https:\/\/cablesdenoticias.prensalibre.com\/index.php?rest_route=%2Fwp%2Fv2%2Fcategories&post=7305"},{"taxonomy":"post_tag","embeddable":true,"href":"https:\/\/cablesdenoticias.prensalibre.com\/index.php?rest_route=%2Fwp%2Fv2%2Ftags&post=7305"}],"curies":[{"name":"wp","href":"https:\/\/api.w.org\/{rel}","templated":true}]}}