{"id":7415,"date":"2026-04-30T12:36:21","date_gmt":"2026-04-30T17:36:21","guid":{"rendered":"https:\/\/cablesdenoticias.prensalibre.com\/?p=7415"},"modified":"2026-04-30T12:36:21","modified_gmt":"2026-04-30T17:36:21","slug":"trump-y-putin-piden-un-breve-alto-al-fuego-en-ucrania","status":"publish","type":"post","link":"https:\/\/cablesdenoticias.prensalibre.com\/?p=7415","title":{"rendered":"Trump y Putin piden un breve alto al fuego en Ucrania"},"content":{"rendered":"<p>This <a href=\"https:\/\/www.nytimes.com\/es\/2026\/04\/30\/espanol\/mundo\/rusia-ucrania-alto-fuego-trump.html\" target=\"_blank\">post<\/a> was originally published on <a href=\"https:\/\/nytapi.wieck.com\/subscribed\/stories.xml?feedId=5BDTx&authKey=94e0c15c-491f-4d65-bdab-c7b42f57186e\" target=\"_blank\">this site<\/a>.<\/p><p>Mosc\u00fa y Kiev acordaron una tregua a principios de mes, pero cada parte acus\u00f3 a la otra de m\u00faltiples violaciones.<\/p>\n<p>En una larga llamada telef\u00f3nica ocurrida el mi\u00e9rcoles, el presidente Donald Trump y el presidente de Rusia Vladimir Putin coincidieron en que deber\u00eda inciar un breve alto al fuego en Ucrania en los pr\u00f3ximos d\u00edas, seg\u00fan dijeron Trump y un alto asesor de Putin.<\/p>\n<p>El alto al fuego coincidir\u00eda con la festividad rusa del 9 de mayo, que conmemora el final de la Segunda Guerra Mundial, dijo Yuri Ushakov, principal asesor de Putin en pol\u00edtica exterior, pero no precis\u00f3 el momento exacto.<\/p>\n<p>Trump dijo a los periodistas en la Casa Blanca: &#8220;Suger\u00ed un peque\u00f1o alto al fuego y creo que \u00e9l podr\u00eda hacerlo. Est\u00e1n matando a tanta gente, es muy rid\u00edculo&#8221;.<\/p>\n<p>Ushakov no dijo expl\u00edcitamente qui\u00e9n hab\u00eda sugerido una tregua, pero dijo que Putin &#8220;inform\u00f3 a su hom\u00f3logo estadounidense de su disposici\u00f3n a declarar un alto al fuego mientras duren las celebraciones del D\u00eda de la Victoria&#8221;. Trump apoy\u00f3 &#8220;activamente&#8221; la idea, dijo Ushakov.<\/p>\n<p>Este a\u00f1o, Rusia ha <a href=\"https:\/\/www.nytimes.com\/2026\/04\/29\/world\/europe\/russia-victory-day-parade-tanks.html\" rel=\"nofollow\">reducido considerablemente<\/a> sus planes para celebrar el D\u00eda de la Victoria, que es una de las fiestas de Estado m\u00e1s sacrosantas del r\u00e9gimen de Putin, y en la que suelen celebrarse desfiles en las principales ciudades y en muchos pueblos. En una ruptura con una tradici\u00f3n que se remonta a d\u00e9cadas, no habr\u00e1 equipo militar pesado recorriendo la Plaza Roja, lo que supone un reconocimiento de la capacidad de ataque a larga distancia de Ucrania.<\/p>\n<p>Un portavoz del presidente ucraniano, Volod\u00edmir Zelenski, dijo que Kiev necesitaba tener claro lo que hab\u00edan hablado Trump y Putin antes de poder pronunciarse sobre un posible alto al fuego. Mosc\u00fa y Kiev <a href=\"https:\/\/www.nytimes.com\/2026\/04\/09\/world\/europe\/russia-ukraine-cease-fire.html\" rel=\"nofollow\">negociaron una tregua a principios de mes<\/a>, que coincidi\u00f3 con la Pascua ortodoxa, pero cada parte acus\u00f3 a la otra de m\u00faltiples violaciones.<\/p>\n<p>La conversaci\u00f3n entre los dos dirigentes se produjo un d\u00eda despu\u00e9s de que el rey Carlos III, en su discurso ante el Congreso, dijo que &#8220;es necesaria una resoluci\u00f3n inquebrantable para la defensa de Ucrania y su valiente pueblo, a fin de asegurar una paz verdaderamente justa y duradera&#8221;. No estaba claro qu\u00e9 intercambios privados mantuvieron el rey y Trump sobre el asunto.<\/p>\n<p>La mayor\u00eda de los aliados de Estados Unidos en Europa han mantenido su compromiso de respaldar a Ucrania, pero Trump, quien en ocasiones ha <a href=\"https:\/\/www.nytimes.com\/2025\/02\/19\/us\/politics\/trump-zelensky-russia-ukraine-war.html\" rel=\"nofollow\">culpado a Ucrania de una guerra<\/a> que comenz\u00f3 con la invasi\u00f3n rusa en 2022 y se ha expresado en t\u00e9rminos elogiosos de Putin, ha recortado dr\u00e1sticamente la ayuda a Kiev.<\/p>\n<p>Ushakov dijo que ambos presidentes expresaron &#8220;b\u00e1sicamente&#8221; opiniones similares sobre Kiev, que describi\u00f3 como &#8220;incitada y apoyada por los europeos&#8221; para &#8220;seguir una estrategia destinada a prolongar el conflicto&#8221;. La Casa Blanca a\u00fan no ha publicado un informe de la llamada.<\/p>\n<p>Ushakov tambi\u00e9n dijo que Trump &#8220;considera que ya est\u00e1 al alcance de la mano un acuerdo para poner fin al conflicto en Ucrania&#8221;. Antes de asumir el cargo en enero de 2025, Trump dijo en repetidas ocasiones que podr\u00eda concluir r\u00e1pidamente la guerra, una afirmaci\u00f3n que \u00faltimamente no ha vuelto a hacer en p\u00fablico, y ha dicho, en cambio, que le ha sorprendido lo insuperable que ha resultado. El mi\u00e9rcoles, Trump volvi\u00f3 a mostrarse algo optimista al decir: &#8220;Creo que vamos a llegar a una soluci\u00f3n con relativa rapidez, espero&#8221;.<\/p>\n<p>Seg\u00fan Ushakov, Putin dijo que sus objetivos en Ucrania se iban a lograr pasara lo que pasara, aunque &#8220;habr\u00eda preferido que fuera el resultado de un acuerdo negociado&#8221;.<\/p>\n<p>Ushakov dijo que gran parte de la llamada, que dur\u00f3 hora y media, se enfoc\u00f3 en la guerra en Medio Oriente. Putin dijo que apoyaba la decisi\u00f3n de Trump de prorrogar el alto al fuego con Ir\u00e1n y &#8220;llam\u00f3 la atenci\u00f3n sobre las consecuencias inevitables y extremadamente perjudiciales, no solo para Ir\u00e1n y sus vecinos, sino tambi\u00e9n para toda la comunidad internacional&#8221; si Estados Unidos e Israel reanudaban la acci\u00f3n militar.<\/p>\n<p>Dijo que el dirigente ruso ofreci\u00f3 una &#8220;serie de consideraciones encaminadas a resolver los desacuerdos sobre el programa nuclear iran\u00ed&#8221;.<\/p>\n<p>La llamada fue la duod\u00e9cima entre los dos dirigentes desde que Trump volvi\u00f3 al poder para un segundo mandato.<\/p>\n<p>Colaboraron con reporter\u00eda Zolan Kanno-Youngs y Ed Wong desde Washington, Constant M\u00e9heut desde Kiev, Ucrania, y Michael D. Shear desde Nueva York.<\/p>\n<p><em><a href=\"https:\/\/www.nytimes.com\/by\/valerie-hopkins\" rel=\"nofollow\">Valerie Hopkins<\/a><\/em> cubre la guerra en Ucrania y la manera en que el conflicto est\u00e1 cambiando a Rusia, Ucrania, Europa y Estados Unidos. Est\u00e1 radicada en Mosc\u00fa.<\/p>\n<p><em>Colaboraron con reporter\u00eda Zolan Kanno-Youngs y Ed Wong desde Washington, Constant M\u00e9heut desde Kiev, Ucrania, y Michael D. Shear desde Nueva York.<br \/><\/em><\/p>\n","protected":false},"excerpt":{"rendered":"<p>This post was originally published on this site.Mosc\u00fa y Kiev acordaron una tregua a principios de mes, pero cada parte acus\u00f3 a la otra de m\u00faltiples violaciones. En una larga llamada telef\u00f3nica ocurrida el mi\u00e9rcoles, el presidente Donald Trump y el presidente de Rusia Vladimir Putin coincidieron en que deber\u00eda inciar un breve alto al [&hellip;]<\/p>\n","protected":false},"author":2,"featured_media":0,"comment_status":"open","ping_status":"open","sticky":false,"template":"","format":"standard","meta":{"footnotes":""},"categories":[6],"tags":[],"class_list":["post-7415","post","type-post","status-publish","format-standard","hentry","category-internacional"],"_links":{"self":[{"href":"https:\/\/cablesdenoticias.prensalibre.com\/index.php?rest_route=\/wp\/v2\/posts\/7415","targetHints":{"allow":["GET"]}}],"collection":[{"href":"https:\/\/cablesdenoticias.prensalibre.com\/index.php?rest_route=\/wp\/v2\/posts"}],"about":[{"href":"https:\/\/cablesdenoticias.prensalibre.com\/index.php?rest_route=\/wp\/v2\/types\/post"}],"author":[{"embeddable":true,"href":"https:\/\/cablesdenoticias.prensalibre.com\/index.php?rest_route=\/wp\/v2\/users\/2"}],"replies":[{"embeddable":true,"href":"https:\/\/cablesdenoticias.prensalibre.com\/index.php?rest_route=%2Fwp%2Fv2%2Fcomments&post=7415"}],"version-history":[{"count":0,"href":"https:\/\/cablesdenoticias.prensalibre.com\/index.php?rest_route=\/wp\/v2\/posts\/7415\/revisions"}],"wp:attachment":[{"href":"https:\/\/cablesdenoticias.prensalibre.com\/index.php?rest_route=%2Fwp%2Fv2%2Fmedia&parent=7415"}],"wp:term":[{"taxonomy":"category","embeddable":true,"href":"https:\/\/cablesdenoticias.prensalibre.com\/index.php?rest_route=%2Fwp%2Fv2%2Fcategories&post=7415"},{"taxonomy":"post_tag","embeddable":true,"href":"https:\/\/cablesdenoticias.prensalibre.com\/index.php?rest_route=%2Fwp%2Fv2%2Ftags&post=7415"}],"curies":[{"name":"wp","href":"https:\/\/api.w.org\/{rel}","templated":true}]}}