{"id":7419,"date":"2026-04-30T16:20:00","date_gmt":"2026-04-30T21:20:00","guid":{"rendered":"https:\/\/cablesdenoticias.prensalibre.com\/?p=7419"},"modified":"2026-04-30T15:55:16","modified_gmt":"2026-04-30T21:55:16","slug":"hora-de-decir-adios-la-posible-nota-de-suicidio-de-jeffrey-epstein-esta-oculta-al-publico","status":"publish","type":"post","link":"https:\/\/cablesdenoticias.prensalibre.com\/?p=7419","title":{"rendered":"&#8216;Hora de decir adi\u00f3s&#8217;: la posible nota de suicidio de Jeffrey Epstein est\u00e1 oculta al p\u00fablico"},"content":{"rendered":"<p>This <a href=\"https:\/\/www.nytimes.com\/es\/2026\/04\/30\/espanol\/estados-unidos\/jeffrey-epstein-nota-suicidio.html\" target=\"_blank\">post<\/a> was originally published on <a href=\"https:\/\/nytapi.wieck.com\/subscribed\/stories.xml?feedId=5BDTx&authKey=94e0c15c-491f-4d65-bdab-c7b42f57186e\" target=\"_blank\">this site<\/a>.<\/p><div>\n<p>Una nota de suicidio que supuestamente fue escrita por Jeffrey Epstein en una c&aacute;rcel de Manhattan ha sido mantenida en secreto durante casi siete a&ntilde;os, guardada bajo llave en un tribunal de Nueva York.<\/p>\n<p>Un compa&ntilde;ero de celda afirm&oacute; que descubri&oacute; la nota en julio de 2019, luego de que Epstein fuera encontrado inconsciente con un trozo de tela alrededor del cuello. Epstein sobrevivi&oacute; a ese incidente, pero semanas despu&eacute;s fue hallado muerto en la c&aacute;rcel.<\/p>\n<p>La nota termin&oacute; siendo sellada por un juez federal como parte del propio caso penal del compa&ntilde;ero de celda, seg&uacute;n documentos y entrevistas. Esto significa que, al analizar <a href=\"https:\/\/www.nytimes.com\/es\/2021\/11\/25\/espanol\/jeffrey-epstein-revelaciones.html\" rel=\"nofollow\">la sonada muerte de Epstein<\/a>, los investigadores carec&iacute;an de algo que podr&iacute;a haber sido una prueba clave.<\/p>\n<p>El jueves, The New York Times solicit&oacute; al juez que desclasificara la nota, que seg&uacute;n record&oacute; el compa&ntilde;ero de celda, Nicholas Tartaglione, dec&iacute;a que era &#8220;hora de decir adi&oacute;s&#8221;. Aunque Tartaglione mencion&oacute; la nota en un p&oacute;dcast el a&ntilde;o pasado, el mensaje garabateado ha permanecido oculto al p&uacute;blico, incluso en un momento de transparencia sin precedentes en torno a las investigaciones del gobierno sobre Epstein. Desde diciembre, el Departamento de Justicia ha publicado millones de p&aacute;ginas de documentos relacionados con el depredador sexual.<\/p>\n<p>El Times no ha visto la nota y no ha podido encontrarla en los archivos de Epstein. Una portavoz del Departamento de Justicia dijo que la agencia no la hab&iacute;a visto.<\/p>\n<p>Sin embargo, una enrevesada <a href=\"https:\/\/www.justice.gov\/epstein\/files\/DataSet%208\/EFTA00018224.pdf\" rel=\"nofollow\">cronolog&iacute;a de dos p&aacute;ginas<\/a> incluida en los registros describe c&oacute;mo fue que la nota qued&oacute; enredada en el complicado caso legal de Tartaglione. La cronolog&iacute;a se&ntilde;ala que los abogados de Tartaglione autenticaron la nota, aunque no explica c&oacute;mo. Si fue escrita por Epstein, el mensaje podr&iacute;a ofrecer pistas sobre su estado mental durante las semanas que pasaron antes de morir colgado de una litera.<\/p>\n<p>La portavoz del Departamento de Justicia dijo que, en respuesta a una ley federal que exig&iacute;a la publicaci&oacute;n de los archivos del gobierno sobre Epstein, la agencia &#8220;realiz&oacute; un esfuerzo exhaustivo para recopilar todos los registros que ten&iacute;a en su poder&#8221;, incluidos los de la Oficina de Prisiones y la Oficina del Inspector General.<\/p>\n<p>La muerte de Epstein, a los 66 a&ntilde;os, fue <a href=\"https:\/\/www.nytimes.com\/2019\/08\/16\/nyregion\/jeffrey-epstein-autopsy-results.html\" rel=\"nofollow\">declarada suicidio<\/a> por el forense de Nueva York. Sin embargo, las revelaciones sobre fallos de seguridad en el interior del ahora clausurado Centro Correccional Metropolitano de Manhattan han dado lugar a innumerables teor&iacute;as sobre c&oacute;mo muri&oacute; y si fue asesinado. Cuando los funcionarios de prisiones preguntaron a Epstein por las marcas rojas que ten&iacute;a en el cuello tras el incidente de julio, les dijo que Tartaglione lo hab&iacute;a atacado y que no ten&iacute;a tendencias suicidas.<\/p>\n<p>Tartaglione, un exagente de polic&iacute;a acusado de un cu&aacute;druple homicidio, ha negado por mucho tiempo haber agredido a Epstein. Los registros de la Oficina de Prisiones muestran que una semana despu&eacute;s de la acusaci&oacute;n inicial contra su compa&ntilde;ero de celda, Epstein <a href=\"https:\/\/www.justice.gov\/epstein\/files\/DataSet%209\/EFTA00132208.pdf\" rel=\"nofollow\">dijo a los funcionarios<\/a> que &#8220;nunca hab&iacute;a tenido ning&uacute;n problema&#8221; con Tartaglione y que se sent&iacute;a seguro estando alojado con &eacute;l.<\/p>\n<p>Tartaglione, que fue condenado en 2023, actualmente cumple cuatro cadenas perpetuas. Est&aacute; tramitando una apelaci&oacute;n y sostiene que es inocente.<\/p>\n<p>En recientes entrevistas telef&oacute;nicas desde una prisi&oacute;n federal de California, Tartaglione dio su versi&oacute;n de c&oacute;mo encontr&oacute; la nota.<\/p>\n<p>Tras el <a href=\"https:\/\/www.nytimes.com\/2019\/07\/25\/nyregion\/jeffrey-epstein-injured-jail.html\" rel=\"nofollow\">episodio de julio<\/a>, Epstein fue trasladado a otra parte de la c&aacute;rcel y puesto brevemente bajo vigilancia de suicidio. Fue por aquel entonces, dijo Tartaglione, que encontr&oacute; la nota en su celda, metida dentro de una novela gr&aacute;fica.<\/p>\n<p>&#8220;Abr&iacute; el libro para leer y ah&iacute; estaba&#8221;, dijo Tartaglione: un trozo de papel amarillo arrancado de un bloc de notas.<\/p>\n<p>La nota dec&iacute;a que los investigadores hab&iacute;an indagado muchos meses sobre Epstein y &#8220;no encontraron nada&#8221;, record&oacute; Tartaglione. Dijo que el mensaje segu&iacute;a m&aacute;s o menos as&iacute;: &#8220;&iquest;Qu&eacute; quieren que haga, que me eche a llorar? Es hora de decir adi&oacute;s&#8221;.<\/p>\n<p>Tartaglione entreg&oacute; la nota a sus abogados, dijo, porque podr&iacute;a haber resultado &uacute;til si Epstein segu&iacute;a afirmando que Tartaglione hab&iacute;a intentado hacerle da&ntilde;o.<\/p>\n<p>La nota no se mencion&oacute; en las investigaciones oficiales sobre <a href=\"https:\/\/www.nytimes.com\/es\/2019\/08\/17\/espanol\/mundo\/jeffrey-epstein-prision.html\" rel=\"nofollow\">la muerte de Epstein<\/a>, incluido un <a href=\"https:\/\/oig.justice.gov\/sites\/default\/files\/reports\/23-085.pdf\" rel=\"nofollow\">informe de 2023<\/a> de la Oficina del Inspector General del Departamento de Justicia. La OIG declin&oacute; hacer comentarios.<\/p>\n<p>Pero el documento cronol&oacute;gico publicado como parte de los archivos Epstein resume el recorrido de la nota por el sistema judicial. No est&aacute; claro por qu&eacute; se cre&oacute; el documento, que se titula &#8220;Cronolog&iacute;a&#8221; y se refiere a los reclusos y abogados por sus iniciales, ni qui&eacute;n lo escribi&oacute;.<\/p>\n<p>La cronolog&iacute;a dice que el 27 de julio de 2019, cuatro d&iacute;as despu&eacute;s del aparente intento de suicidio de Epstein, Tartaglione se reuni&oacute; con &#8220;BB&#8221; &#8211;Bruce Barket, su abogado principal&#8211; y le coment&oacute; que hab&iacute;a encontrado la nota.<\/p>\n<p>Cuando un guardia dijo que a Tartaglione no se le permit&iacute;a ir a su celda por la nota, Barket le dijo a su cliente que se la diera al siguiente abogado que lo visitara, explica el documento. Barket llam&oacute; entonces a &#8220;JW&#8221; &#8211;John Wieder, otro abogado&#8211; y le pidi&oacute; que recogiera la nota de su cliente.<\/p>\n<p>La cronolog&iacute;a indica que en los d&iacute;as siguientes los abogados intentaron dos veces autenticar la nota, sin &eacute;xito. Consiguieron hacerlo a finales de 2019 o principios de 2020, seg&uacute;n la cronolog&iacute;a. Barket declin&oacute; hacer comentarios para este art&iacute;culo.<\/p>\n<p>&#8220;Mis abogados de entonces quer&iacute;an asegurarse de que, bueno, de que yo no la hab&iacute;a escrito&#8221;, dijo Tartaglione en <a href=\"https:\/\/jessicareedkraus.substack.com\/p\/epsteins-cellmate-yes-he-killed-himself\" rel=\"nofollow\">una entrevista de julio de 2025<\/a> con la presentadora del p&oacute;dcast Jessica Reed Kraus. Dijo que hicieron que la examinaran &#8220;expertos en caligraf&iacute;a&#8221;.<\/p>\n<p>El juez que supervisa el caso de Tartaglione, Kenneth Karas, del tribunal federal de distrito de White Plains, finalmente orden&oacute; que se entregara la nota al tribunal, seg&uacute;n Tartaglione y Wieder. En una entrevista, Wieder declar&oacute; al Times que llev&oacute; la nota al tribunal y se la entreg&oacute; a un secretario. No recordaba lo que dec&iacute;a.<\/p>\n<p>Al parecer, la nota estuvo envuelta en una prolongada disputa entre los abogados de Tartaglione, que llev&oacute; a Karas a nombrar a un abogado externo para que examinara el conflicto, seg&uacute;n consta en documentos p&uacute;blicos. Los documentos relacionados con la disputa fueron sellados para proteger el privilegio abogado-cliente, seg&uacute;n los archivos. Finalmente, el juez dict&oacute; una breve orden que apartaba a Wieder del caso, citando otra orden sellada que, al parecer, explicaba el motivo. Wieder declin&oacute; hacer comentarios sobre su exclusi&oacute;n del caso.<\/p>\n<p>Un portavoz del tribunal se neg&oacute; a hablar de la existencia de ning&uacute;n documento sellado. Ese tipo de documentos, dijo, se guardan en b&oacute;vedas del tribunal para su custodia.<\/p>\n<p>Seamus Hughes colabor&oacute; con reporter&iacute;a.<\/p>\n<p><em><a href=\"https:\/\/www.nytimes.com\/by\/benjamin-weiser\" rel=\"nofollow\">Benjamin Weiser<\/a><\/em> es periodista del Times y cubre los tribunales federales y la fiscal&iacute;a de Manhattan, as&iacute; como el sistema judicial en general.<\/p>\n<p><em><a href=\"https:\/\/www.nytimes.com\/by\/steve-eder\" rel=\"nofollow\">Steve Eder<\/a><\/em><em> <\/em>es periodista de investigaci&oacute;n del Times desde hace m&aacute;s de una d&eacute;cada.<\/p>\n<p><em><a href=\"https:\/\/www.nytimes.com\/by\/jan-ransom\" rel=\"nofollow\">Jan Ransom<\/a><\/em> es reportera de investigaci&oacute;n del Times y se especializa en el sistema de justicia penal, las fuerzas del orden y el sistema penitenciario en Nueva York.<\/p>\n<p><em>Seamus Hughes colabor&oacute; con reporter&iacute;a.<br \/><\/em><\/p>\n<\/div>\n","protected":false},"excerpt":{"rendered":"<p>This post was originally published on this site. Una nota de suicidio que supuestamente fue escrita por Jeffrey Epstein en una c&aacute;rcel de Manhattan ha sido mantenida en secreto durante casi siete a&ntilde;os, guardada bajo llave en un tribunal de Nueva York. Un compa&ntilde;ero de celda afirm&oacute; que descubri&oacute; la nota en julio de 2019, [&hellip;]<\/p>\n","protected":false},"author":2,"featured_media":7420,"comment_status":"open","ping_status":"open","sticky":false,"template":"","format":"standard","meta":{"footnotes":""},"categories":[6],"tags":[],"class_list":["post-7419","post","type-post","status-publish","format-standard","has-post-thumbnail","hentry","category-internacional"],"_links":{"self":[{"href":"https:\/\/cablesdenoticias.prensalibre.com\/index.php?rest_route=\/wp\/v2\/posts\/7419","targetHints":{"allow":["GET"]}}],"collection":[{"href":"https:\/\/cablesdenoticias.prensalibre.com\/index.php?rest_route=\/wp\/v2\/posts"}],"about":[{"href":"https:\/\/cablesdenoticias.prensalibre.com\/index.php?rest_route=\/wp\/v2\/types\/post"}],"author":[{"embeddable":true,"href":"https:\/\/cablesdenoticias.prensalibre.com\/index.php?rest_route=\/wp\/v2\/users\/2"}],"replies":[{"embeddable":true,"href":"https:\/\/cablesdenoticias.prensalibre.com\/index.php?rest_route=%2Fwp%2Fv2%2Fcomments&post=7419"}],"version-history":[{"count":1,"href":"https:\/\/cablesdenoticias.prensalibre.com\/index.php?rest_route=\/wp\/v2\/posts\/7419\/revisions"}],"predecessor-version":[{"id":7423,"href":"https:\/\/cablesdenoticias.prensalibre.com\/index.php?rest_route=\/wp\/v2\/posts\/7419\/revisions\/7423"}],"wp:featuredmedia":[{"embeddable":true,"href":"https:\/\/cablesdenoticias.prensalibre.com\/index.php?rest_route=\/wp\/v2\/media\/7420"}],"wp:attachment":[{"href":"https:\/\/cablesdenoticias.prensalibre.com\/index.php?rest_route=%2Fwp%2Fv2%2Fmedia&parent=7419"}],"wp:term":[{"taxonomy":"category","embeddable":true,"href":"https:\/\/cablesdenoticias.prensalibre.com\/index.php?rest_route=%2Fwp%2Fv2%2Fcategories&post=7419"},{"taxonomy":"post_tag","embeddable":true,"href":"https:\/\/cablesdenoticias.prensalibre.com\/index.php?rest_route=%2Fwp%2Fv2%2Ftags&post=7419"}],"curies":[{"name":"wp","href":"https:\/\/api.w.org\/{rel}","templated":true}]}}